{"id":23800,"date":"2026-04-29T20:24:17","date_gmt":"2026-04-29T20:24:17","guid":{"rendered":"https:\/\/dobrezrodla.com\/?p=23800"},"modified":"2026-04-29T20:24:17","modified_gmt":"2026-04-29T20:24:17","slug":"pogrzeb-lukasza-litewki-odznaczono-tragicznie-zmarlego-posla-2","status":"publish","type":"post","link":"https:\/\/dobrezrodla.com\/?p=23800","title":{"rendered":"Pogrzeb \u0141ukasza Litewki. Odznaczono tragicznie zmar\u0142ego pos\u0142a"},"content":{"rendered":"\n<p>Prezydent RP Karol Nawrocki odznaczy\u0142 po\u015bmiertnie zmar\u0142ego tragicznie pos\u0142a \u0141ukasza Litewk\u0119 Krzy\u017cem Oficerskim Orderu Odrodzenia Polski. O decyzji g\u0142owy pa\u0144stwa powiadomi\u0142 w oficjalnym komunikacie rzecznik prezydenta, wskazuj\u0105c na zas\u0142ugi zmar\u0142ego w dzia\u0142alno\u015bci spo\u0142ecznej.<\/p>\n\n\n\n<p>Decyzja prezydenta ws. \u0141ukasza Litewki<br>Decyzj\u0105 prezydenta Karola Nawrockiego tragicznie zmar\u0142y pose\u0142 Lewicy \u0141ukasz Litewka zosta\u0142 uhonorowany po\u015bmiertnie wysokim odznaczeniem pa\u0144stwowym. \u015amier\u0107 polityka, kt\u00f3ry by\u0142 zaanga\u017cowany w dzia\u0142alno\u015b\u0107 spo\u0142eczn\u0105 i charytatywn\u0105, wywo\u0142a\u0142a szeroki odd\u017awi\u0119k w ca\u0142ym kraju i liczne apele o jego uhonorowanie. Do tragedii dosz\u0142o w wyniku wypadku drogowego, w kt\u00f3rym polityk zgin\u0105\u0142 jako rowerzysta potr\u0105cony przez samoch\u00f3d. Sprawa jest przedmiotem post\u0119powania, a kierowca us\u0142ysza\u0142 zarzuty.<\/p>\n\n\n\n<p>Informacj\u0119 o decyzji g\u0142owy pa\u0144stwa przekaza\u0142 rzecznik prezydenta, publikuj\u0105c oficjalny komunikat:<\/p>\n\n\n\n<p>Postanowieniem z dnia 27 kwietnia 2026 r. Prezydent RP Karol Nawrocki odznaczy\u0142 po\u015bmiertnie tragicznie zmar\u0142ego pos\u0142a na Sejm \u0141ukasza Karola Litewk\u0119 Krzy\u017cem Oficerskim Orderu Odrodzenia Polski &#8211; mogli\u015bmy przeczyta\u0107 na profilu rzecznika prezydenta.<\/p>\n\n\n\n<p>W jutrzejszym pogrzebie \u015bp. \u0141ukasza Litewki, tragicznie zmar\u0142ego pos\u0142a na Sejm, we\u017amie udzia\u0142 Prezydent RP Karol Nawrocki wraz z Ma\u0142\u017conk\u0105 Mart\u0105 Nawrock\u0105.<br>Parze Prezydenckiej b\u0119dzie towarzyszy\u0142 podsekretarz stanu w Kancelarii Prezydenta Minister Mateusz Kotecki.<\/p>\n\n\n\n<p>\u2014 Rafa\u0142 Le\u015bkiewicz (@LeskiewiczRafa) April 28, 2026<br>Przebieg uroczysto\u015bci i cytaty z ceremonii<br>Podczas nabo\u017ce\u0144stwa \u017ca\u0142obnego przedstawiciel Kancelarii Prezydenta, dyrektor Piotr Ole\u0144czak, dokona\u0142 uroczystego odczytania aktu nadania.<\/p>\n\n\n\n<p>\u201eTeraz nast\u0105pi odczytanie postanowienia Prezydenta Rzeczypospolitej Polskiej, pana Karola Nawrockiego o po\u015bmiertnym odznaczeniu \u0141ukasza Litewki\u201d \u2013 zapowiedzia\u0142 lektor prowadz\u0105cy ceremoni\u0119.<\/p>\n\n\n\n<p>W oficjalnej formule Ole\u0144czak podkre\u015bli\u0142 podstawy prawne decyzji:<\/p>\n\n\n\n<p>\u201eNa podstawie artyku\u0142u 138. Konstytucji Rzeczypospolitej Polskiej oraz ustawy o orderach i odznaczeniach, postanowieniem Prezydenta Rzeczypospolitej Polskiej, pana Karola Nawrockiego, odznaczony zosta\u0142 za wybitne zas\u0142ugi w dzia\u0142alno\u015bci publicznej i spo\u0142ecznej, Krzy\u017cem Oficerskim Orderu Odrodzenia Polski, po\u015bmiertnie, \u0141ukasz Litewka\u201d.<\/p>\n\n\n\n<p>Urz\u0119dnik zako\u0144czy\u0142 wyst\u0105pienie s\u0142owami: \u201eDzi\u0119kuj\u0119 panie Prezydencie, dzi\u0119kuj\u0119 Pa\u0144stwu\u201d. Order z r\u0105k dyrektora odebra\u0142 ojciec zmar\u0142ego parlamentarzysty, Zdzis\u0142aw Litewka.<\/p>\n\n\n\n<p>Okoliczno\u015bci tragedii i \u015bledztwo prokuratury<br>\u015amier\u0107 pos\u0142a nast\u0105pi\u0142a w wyniku zdarzenia drogowego, w kt\u00f3rym polityk uczestniczy\u0142 jako rowerzysta. Zgodnie z komunikatami policji, parlamentarzysta zosta\u0142 potr\u0105cony przez samoch\u00f3d osobowy, a odniesione obra\u017cenia okaza\u0142y si\u0119 \u015bmiertelne. Jak poda\u0142y organy \u015bcigania, prokuratura wszcz\u0119\u0142a \u015bledztwo w celu wyja\u015bnienia dok\u0142adnych przyczyn wypadku, a sprawca zdarzenia us\u0142ysza\u0142 ju\u017c prokuratorskie zarzuty.<\/p>\n\n\n\n<p>\u0141ukasz Litewka by\u0142 znany opinii publicznej ze swojej szerokiej dzia\u0142alno\u015bci dobroczynnej, w tym wspierania schronisk dla zwierz\u0105t oraz promowania profilaktyki zdrowotnej. Wed\u0142ug doniesie\u0144 medi\u00f3w og\u00f3lnopolskich, jego zaanga\u017cowanie w realn\u0105 pomoc potrzebuj\u0105cym zjedna\u0142o mu sympatyk\u00f3w w r\u00f3\u017cnych grupach spo\u0142ecznych.<\/p>\n\n\n\n<p>Liczne kondolencje p\u0142yn\u0105ce ze strony przedstawicieli wszystkich ugrupowa\u0144 parlamentarnych podkre\u015blaj\u0105 strat\u0119 dla polskiego \u017cycia publicznego oraz organizacji pozarz\u0105dowych.<\/p>\n","protected":false},"excerpt":{"rendered":"<p>Prezydent RP Karol Nawrocki odznaczy\u0142 po\u015bmiertnie zmar\u0142ego tragicznie pos\u0142a \u0141ukasza Litewk\u0119 Krzy\u017cem Oficerskim Orderu Odrodzenia Polski. O decyzji g\u0142owy pa\u0144stwa powiadomi\u0142 w oficjalnym komunikacie rzecznik prezydenta, wskazuj\u0105c na zas\u0142ugi zmar\u0142ego w dzia\u0142alno\u015bci spo\u0142ecznej. Decyzja prezydenta ws. \u0141ukasza LitewkiDecyzj\u0105 prezydenta Karola Nawrockiego tragicznie zmar\u0142y pose\u0142 Lewicy \u0141ukasz Litewka zosta\u0142 uhonorowany po\u015bmiertnie wysokim odznaczeniem pa\u0144stwowym. \u015amier\u0107 polityka, &#8230; <a title=\"Pogrzeb \u0141ukasza Litewki. Odznaczono tragicznie zmar\u0142ego pos\u0142a\" class=\"read-more\" href=\"https:\/\/dobrezrodla.com\/?p=23800\" aria-label=\"Read more about Pogrzeb \u0141ukasza Litewki. Odznaczono tragicznie zmar\u0142ego pos\u0142a\">Read more<\/a><\/p>\n","protected":false},"author":1,"featured_media":0,"comment_status":"open","ping_status":"open","sticky":false,"template":"","format":"standard","meta":{"footnotes":""},"categories":[1],"tags":[],"class_list":["post-23800","post","type-post","status-publish","format-standard","hentry","category-uncategorized"],"_links":{"self":[{"href":"https:\/\/dobrezrodla.com\/index.php?rest_route=\/wp\/v2\/posts\/23800","targetHints":{"allow":["GET"]}}],"collection":[{"href":"https:\/\/dobrezrodla.com\/index.php?rest_route=\/wp\/v2\/posts"}],"about":[{"href":"https:\/\/dobrezrodla.com\/index.php?rest_route=\/wp\/v2\/types\/post"}],"author":[{"embeddable":true,"href":"https:\/\/dobrezrodla.com\/index.php?rest_route=\/wp\/v2\/users\/1"}],"replies":[{"embeddable":true,"href":"https:\/\/dobrezrodla.com\/index.php?rest_route=%2Fwp%2Fv2%2Fcomments&post=23800"}],"version-history":[{"count":1,"href":"https:\/\/dobrezrodla.com\/index.php?rest_route=\/wp\/v2\/posts\/23800\/revisions"}],"predecessor-version":[{"id":23801,"href":"https:\/\/dobrezrodla.com\/index.php?rest_route=\/wp\/v2\/posts\/23800\/revisions\/23801"}],"wp:attachment":[{"href":"https:\/\/dobrezrodla.com\/index.php?rest_route=%2Fwp%2Fv2%2Fmedia&parent=23800"}],"wp:term":[{"taxonomy":"category","embeddable":true,"href":"https:\/\/dobrezrodla.com\/index.php?rest_route=%2Fwp%2Fv2%2Fcategories&post=23800"},{"taxonomy":"post_tag","embeddable":true,"href":"https:\/\/dobrezrodla.com\/index.php?rest_route=%2Fwp%2Fv2%2Ftags&post=23800"}],"curies":[{"name":"wp","href":"https:\/\/api.w.org\/{rel}","templated":true}]}}