{"id":23802,"date":"2026-04-29T20:27:08","date_gmt":"2026-04-29T20:27:08","guid":{"rendered":"https:\/\/dobrezrodla.com\/?p=23802"},"modified":"2026-04-29T20:27:09","modified_gmt":"2026-04-29T20:27:09","slug":"fatalne-wiesci-dla-karola-nawrockiego-tak-zle-dawno-nie-bylo-traci-poparcie","status":"publish","type":"post","link":"https:\/\/dobrezrodla.com\/?p=23802","title":{"rendered":"Fatalne wie\u015bci dla Karola Nawrockiego. Tak \u017ale dawno nie by\u0142o, traci poparcie"},"content":{"rendered":"\n<p>Sonda\u017c CBOS pokazuje spadek poparcia dla Karola Nawrockiego w kwietniu. Po raz pierwszy od miesi\u0119cy liczba ocen pozytywnych i negatywnych zr\u00f3wna\u0142a si\u0119. Badanie wskazuje na wyra\u017an\u0105 zmian\u0119 trendu w ocenach prezydenta.<\/p>\n\n\n\n<p>Spadek poparcia dla Karola Nawrockiego w sonda\u017cu CBOS<br>CBOS w swoim najnowszym badaniu zwraca uwag\u0119 na wyra\u017ane och\u0142odzenie nastroj\u00f3w wobec Karola Nawrockiego. Jeszcze niedawno przewaga opinii pozytywnych by\u0142a zauwa\u017calna i utrzymywa\u0142a si\u0119 na do\u015b\u0107 stabilnym poziomie, jednak obecnie ten uk\u0142ad zosta\u0142 zaburzony. W przestrzeni publicznej coraz cz\u0119\u015bciej pojawiaj\u0105 si\u0119 g\u0142osy krytyczne, co zaczyna znajdowa\u0107 odzwierciedlenie w liczbach.<\/p>\n\n\n\n<p>Zmiana nie nast\u0105pi\u0142a gwa\u0142townie, ale raczej stopniowo. W ostatnich miesi\u0105cach notowania prezydenta utrzymywa\u0142y si\u0119 w okolicach po\u0142owy pozytywnych wskaza\u0144, co dawa\u0142o mu wzgl\u0119dny komfort polityczny. Obecnie jednak ta r\u00f3wnowaga zosta\u0142a zachwiana, a sonda\u017c pokazuje, \u017ce spo\u0142eczne oceny zaczynaj\u0105 si\u0119 wyra\u017anie polaryzowa\u0107.<\/p>\n\n\n\n<p>Fatalne wie\u015bci dla Karola Nawrockiego. Tak \u017ale dawno nie by\u0142o, traci poparcie<br>Karol Nawrocki, fot. East News<br>Oceny prezydenta: mniej pozytyw\u00f3w, wi\u0119cej krytyki<br>Kwietniowe wyniki CBOS pokazuj\u0105 konkretn\u0105 zmian\u0119 w strukturze opinii. Odsetek os\u00f3b oceniaj\u0105cych dzia\u0142alno\u015b\u0107 Karola Nawrockiego pozytywnie spad\u0142 z 50 do 45 proc. Jednocze\u015bnie wzr\u00f3s\u0142 poziom ocen negatywnych \u2013 z 38 do 44 proc. To sprawia, \u017ce r\u00f3\u017cnica mi\u0119dzy zwolennikami a przeciwnikami prezydenta praktycznie znikn\u0119\u0142a i obie grupy s\u0105 dzi\u015b niemal tak samo liczne.<\/p>\n\n\n\n<p>Wed\u0142ug analityk\u00f3w CBOS to jeden z najs\u0142abszych wynik\u00f3w w ca\u0142ym okresie sprawowania urz\u0119du przez Nawrockiego. Wcze\u015bniej przez oko\u0142o p\u00f3\u0142 roku utrzymywa\u0142a si\u0119 przewaga ocen pozytywnych, co sugerowa\u0142o wzgl\u0119dn\u0105 stabilno\u015b\u0107 jego wizerunku. Obecne dane wskazuj\u0105 jednak na wyra\u017ane os\u0142abienie tego trendu i wi\u0119ksz\u0105 podatno\u015b\u0107 opinii publicznej na podzia\u0142y polityczne.<\/p>\n\n\n\n<p>Podzia\u0142y polityczne i wyniki CBOS dla Sejmu i Senatu<br>Badanie CBOS pokazuje tak\u017ce bardzo wyra\u017an\u0105 polaryzacj\u0119 spo\u0142eczn\u0105 wok\u00f3\u0142 prezydenta. Najwi\u0119kszym zapleczem pozostaj\u0105 wyborcy Prawa i Sprawiedliwo\u015bci, w\u015br\u00f3d kt\u00f3rych a\u017c 91 proc. ocenia jego dzia\u0142alno\u015b\u0107 pozytywnie. R\u00f3wnie\u017c cz\u0119\u015b\u0107 m\u0142odszych respondent\u00f3w oraz os\u00f3b o ni\u017cszych dochodach cz\u0119\u015bciej wyra\u017ca przychylne opinie.<\/p>\n\n\n\n<p>Z drugiej strony bardzo krytyczne nastawienie dominuje w\u015br\u00f3d sympatyk\u00f3w Koalicji Obywatelskiej, gdzie negatywne oceny si\u0119gaj\u0105 92 proc. Takie opinie cz\u0119\u015bciej pojawiaj\u0105 si\u0119 r\u00f3wnie\u017c w\u015br\u00f3d os\u00f3b starszych oraz lepiej sytuowanych finansowo.<\/p>\n\n\n\n<p>Na tym tle CBOS zauwa\u017ca jeszcze jeden ciekawy element \u2013 popraw\u0119 ocen parlamentu. Zar\u00f3wno Sejm Rzeczypospolitej Polskiej, jak i Senat Rzeczypospolitej Polskiej odnotowa\u0142y wzrost pozytywnych wskaza\u0144, co mo\u017ce sugerowa\u0107 nieco inne nastroje wobec instytucji pa\u0144stwowych ni\u017c wobec samej prezydentury.<\/p>\n","protected":false},"excerpt":{"rendered":"<p>Sonda\u017c CBOS pokazuje spadek poparcia dla Karola Nawrockiego w kwietniu. Po raz pierwszy od miesi\u0119cy liczba ocen pozytywnych i negatywnych zr\u00f3wna\u0142a si\u0119. Badanie wskazuje na wyra\u017an\u0105 zmian\u0119 trendu w ocenach prezydenta. Spadek poparcia dla Karola Nawrockiego w sonda\u017cu CBOSCBOS w swoim najnowszym badaniu zwraca uwag\u0119 na wyra\u017ane och\u0142odzenie nastroj\u00f3w wobec Karola Nawrockiego. Jeszcze niedawno przewaga &#8230; <a title=\"Fatalne wie\u015bci dla Karola Nawrockiego. Tak \u017ale dawno nie by\u0142o, traci poparcie\" class=\"read-more\" href=\"https:\/\/dobrezrodla.com\/?p=23802\" aria-label=\"Read more about Fatalne wie\u015bci dla Karola Nawrockiego. Tak \u017ale dawno nie by\u0142o, traci poparcie\">Read more<\/a><\/p>\n","protected":false},"author":1,"featured_media":0,"comment_status":"open","ping_status":"open","sticky":false,"template":"","format":"standard","meta":{"footnotes":""},"categories":[1],"tags":[],"class_list":["post-23802","post","type-post","status-publish","format-standard","hentry","category-uncategorized"],"_links":{"self":[{"href":"https:\/\/dobrezrodla.com\/index.php?rest_route=\/wp\/v2\/posts\/23802","targetHints":{"allow":["GET"]}}],"collection":[{"href":"https:\/\/dobrezrodla.com\/index.php?rest_route=\/wp\/v2\/posts"}],"about":[{"href":"https:\/\/dobrezrodla.com\/index.php?rest_route=\/wp\/v2\/types\/post"}],"author":[{"embeddable":true,"href":"https:\/\/dobrezrodla.com\/index.php?rest_route=\/wp\/v2\/users\/1"}],"replies":[{"embeddable":true,"href":"https:\/\/dobrezrodla.com\/index.php?rest_route=%2Fwp%2Fv2%2Fcomments&post=23802"}],"version-history":[{"count":1,"href":"https:\/\/dobrezrodla.com\/index.php?rest_route=\/wp\/v2\/posts\/23802\/revisions"}],"predecessor-version":[{"id":23803,"href":"https:\/\/dobrezrodla.com\/index.php?rest_route=\/wp\/v2\/posts\/23802\/revisions\/23803"}],"wp:attachment":[{"href":"https:\/\/dobrezrodla.com\/index.php?rest_route=%2Fwp%2Fv2%2Fmedia&parent=23802"}],"wp:term":[{"taxonomy":"category","embeddable":true,"href":"https:\/\/dobrezrodla.com\/index.php?rest_route=%2Fwp%2Fv2%2Fcategories&post=23802"},{"taxonomy":"post_tag","embeddable":true,"href":"https:\/\/dobrezrodla.com\/index.php?rest_route=%2Fwp%2Fv2%2Ftags&post=23802"}],"curies":[{"name":"wp","href":"https:\/\/api.w.org\/{rel}","templated":true}]}}