{"id":23806,"date":"2026-04-29T20:28:27","date_gmt":"2026-04-29T20:28:27","guid":{"rendered":"https:\/\/dobrezrodla.com\/?p=23806"},"modified":"2026-04-29T20:28:27","modified_gmt":"2026-04-29T20:28:27","slug":"doradca-nawrockiego-dostal-wezwanie-do-prokuratury-ujawnil-to-na-antenie-padly-ostre-slowa","status":"publish","type":"post","link":"https:\/\/dobrezrodla.com\/?p=23806","title":{"rendered":"Doradca Nawrockiego dosta\u0142 wezwanie do prokuratury. Ujawni\u0142 to na antenie, pad\u0142y ostre s\u0142owa"},"content":{"rendered":"\n<p>W \u015brod\u0119 Zbigniew Bogucki poinformowa\u0142, \u017ce otrzyma\u0142 wezwanie do prokuratury w charakterze \u015bwiadka. Sprawa dotyczy \u201epomocnictwa do nieodebrania \u015blubowania\u201d od s\u0119dzi\u00f3w Trybuna\u0142u Konstytucyjnego wybranych przez Sejm w marcu. W kwietniu cz\u0119\u015b\u0107 z nich z\u0142o\u017cy\u0142a \u015blubowanie bez udzia\u0142u prezydenta Karola Nawrockiego.<\/p>\n\n\n\n<p>Wezwanie Boguckiego do prokuratury w sprawie \u015blubowania TK<br>Zbigniew Bogucki ujawni\u0142 w rozmowie telewizyjnej, \u017ce otrzyma\u0142 dokument z prokuratury, kt\u00f3ry dotyczy jego dzia\u0142a\u0144 w sprawie procedury zwi\u0105zanej z Trybuna\u0142em Konstytucyjnym. Jak podkre\u015bli\u0142, sprawa ma dotyczy\u0107 \u201epomocnictwa do nieodebrania \u015blubowania\u201d od s\u0119dzi\u00f3w wybranych wcze\u015bniej przez Sejm. Wypowied\u017a ta odnosi si\u0119 do wydarze\u0144 z marca i kwietnia, kiedy to cz\u0119\u015b\u0107 s\u0119dzi\u00f3w TK zosta\u0142a wybrana przez parlament, a nast\u0119pnie z\u0142o\u017cy\u0142a \u015blubowanie bez udzia\u0142u prezydenta Karola Nawrockiego.<\/p>\n\n\n\n<p>\u2013 Dosta\u0142em (wezwanie do prokuratury &#8211; red.) w charakterze \u015bwiadka \u2013 o\u015bwiadczy\u0142 w \u015brodowym \u201eGo\u015bciu Wydarze\u0144\u201d Zbigniew Bogucki.<\/p>\n\n\n\n<p>Szef Kancelarii Prezydenta doprecyzowa\u0142 r\u00f3wnie\u017c, \u017ce wezwanie ma dotyczy\u0107 konkretnie kwestii nieodebrania \u015blubowania przez g\u0142ow\u0119 pa\u0144stwa. W jego ocenie sprawa wynika z politycznego sporu wok\u00f3\u0142 interpretacji samego aktu \u015blubowania i jego przebiegu w Sejmie.<\/p>\n\n\n\n<p>Takie wezwania otrzymali dzi\u015b tak\u017ce niekt\u00f3rzy urz\u0119dnicy Kancelarii Prezydenta. Tusk z \u017burkiem pr\u00f3buj\u0105 sparali\u017cowa\u0107 prace zaplecza Prezydenta Karola Nawrockiego.<br>Mo\u017cemy Wam obieca\u0107 jedno,<br>nie zastraszycie nas! B\u0119dziemy z jeszcze wi\u0119ksz\u0105 determinacj\u0105 walczy\u0107 o lepsz\u0105 Polsk\u0119! &#x1f1f5;&#x1f1f1; https:\/\/t.co\/PPvKYMwchT<\/p>\n\n\n\n<p>\u2014 Pawe\u0142 Szefernaker &#x1f1f5;&#x1f1f1; (@szefernaker) April 29, 2026<br>Sp\u00f3r o \u015blubowanie s\u0119dzi\u00f3w Trybuna\u0142u Konstytucyjnego<br>Szef Kancelarii Prezydenta zwraca\u0142 uwag\u0119, \u017ce dokument zosta\u0142 wys\u0142any bezpo\u015brednio na adres instytucji, co \u2013 jego zdaniem \u2013 mo\u017ce mie\u0107 wp\u0142yw na pracownik\u00f3w urz\u0119du. W rozmowie sugerowa\u0142, \u017ce takie dzia\u0142ania mog\u0105 wywo\u0142ywa\u0107 presj\u0119 i niepok\u00f3j w\u015br\u00f3d os\u00f3b niezwi\u0105zanych bezpo\u015brednio ze sporem politycznym.<\/p>\n\n\n\n<p>\u2013 My\u015bl\u0119, \u017ce to b\u0119dzie pr\u00f3ba zastraszania pracownik\u00f3w Kancelarii Prezydenta, bo mnie to obchodzi jak zesz\u0142oroczny \u015bnieg, te r\u00f3\u017cnego rodzaju zabiegi pana (Waldemara) \u017burka i jego przybocznych, no ale zwykli pracownicy Kancelarii, kiedy dostaj\u0105 informacj\u0119 czy b\u0119d\u0105 dostawali informacj\u0119 z prokuratury, to mo\u017ce by\u0107 taki efekt mro\u017c\u0105cy \u2013 opisywa\u0142.<\/p>\n\n\n\n<p>W ostrych s\u0142owach odni\u00f3s\u0142 si\u0119 tak\u017ce do samej procedury i jej kontekstu politycznego.<\/p>\n\n\n\n<p>\u2013 To jest po prostu g\u0142\u0119boko nieuczciwe, \u017ceby nie powiedzie\u0107 mocniej. No to jest pr\u00f3ba wykorzystywania prokuratury, wykorzystywania s\u0142u\u017cb do takiej bie\u017c\u0105cej walki politycznej, po trupach do celu. \u017burek to przegra, bo prawda jest po naszej stronie, bo sprawiedliwo\u015b\u0107 jest po naszej stronie, bo prawo jest po naszej stronie \u2013 kontynuowa\u0142 Bogucki.<\/p>\n\n\n\n<p>Oskar\u017cenia o upolitycznienie prokuratury i w\u0105tek Zondacrypto<br>Sprawa nie ogranicza si\u0119 jedynie do samego wezwania, poniewa\u017c szybko sta\u0142a si\u0119 elementem szerszej narracji politycznej. W mediach spo\u0142eczno\u015bciowych Bogucki opublikowa\u0142 pismo z prokuratury i odni\u00f3s\u0142 si\u0119 do niego w bardzo krytycznym tonie, podwa\u017caj\u0105c sp\u00f3jno\u015b\u0107 dzia\u0142a\u0144 instytucji pa\u0144stwowych. W jego ocenie pojawia si\u0119 sprzeczno\u015b\u0107 w interpretacji wydarze\u0144 zwi\u0105zanych ze \u015blubowaniem s\u0119dzi\u00f3w TK.<\/p>\n\n\n\n<p>W podobnym tonie wypowiedzia\u0142 si\u0119 tak\u017ce Szef Gabinetu Prezydenta RP Pawe\u0142 Szefernaker, kt\u00f3ry stwierdzi\u0142:<\/p>\n\n\n\n<p>\u2013 Tusk z \u017burkiem pr\u00f3buj\u0105 sparali\u017cowa\u0107 prace zaplecza Prezydenta Karola Nawrockiego. Mo\u017cemy Wam obieca\u0107 jedno, nie zastraszycie nas! B\u0119dziemy z jeszcze wi\u0119ksz\u0105 determinacj\u0105 walczy\u0107 o lepsz\u0105 Polsk\u0119!<\/p>\n\n\n\n<p>Dodatkowo w wypowiedziach Boguckiego pojawi\u0142 si\u0119 w\u0105tek innego post\u0119powania, dotycz\u0105cego rynku kryptowalut. Nawi\u0105za\u0142 on do sprawy Zondacrypto i dzia\u0142a\u0144 s\u0142u\u017cb, wskazuj\u0105c, \u017ce wed\u0142ug jego oceny post\u0119powania w tej sprawie by\u0142y prowadzone z op\u00f3\u017anieniem. Jak podkre\u015bli\u0142, ca\u0142o\u015b\u0107 ma \u015bwiadczy\u0107 o szerszym problemie funkcjonowania instytucji pa\u0144stwowych i ich zaanga\u017cowania w bie\u017c\u0105cy sp\u00f3r polityczny, kt\u00f3ry \u2013 jego zdaniem \u2013 zamiast rozwi\u0105zywa\u0107 kwestie prawne, przenosi si\u0119 coraz mocniej na grunt polityki.<\/p>\n\n\n\n<p>KONIECZNIE OBEJRZYJ. POWA\u017bNE ZAGRO\u017bENIE DLA POLSKI. ZNANY STRATEG BIJE NA ALARM<\/p>\n","protected":false},"excerpt":{"rendered":"<p>W \u015brod\u0119 Zbigniew Bogucki poinformowa\u0142, \u017ce otrzyma\u0142 wezwanie do prokuratury w charakterze \u015bwiadka. Sprawa dotyczy \u201epomocnictwa do nieodebrania \u015blubowania\u201d od s\u0119dzi\u00f3w Trybuna\u0142u Konstytucyjnego wybranych przez Sejm w marcu. W kwietniu cz\u0119\u015b\u0107 z nich z\u0142o\u017cy\u0142a \u015blubowanie bez udzia\u0142u prezydenta Karola Nawrockiego. Wezwanie Boguckiego do prokuratury w sprawie \u015blubowania TKZbigniew Bogucki ujawni\u0142 w rozmowie telewizyjnej, \u017ce otrzyma\u0142 &#8230; <a title=\"Doradca Nawrockiego dosta\u0142 wezwanie do prokuratury. Ujawni\u0142 to na antenie, pad\u0142y ostre s\u0142owa\" class=\"read-more\" href=\"https:\/\/dobrezrodla.com\/?p=23806\" aria-label=\"Read more about Doradca Nawrockiego dosta\u0142 wezwanie do prokuratury. Ujawni\u0142 to na antenie, pad\u0142y ostre s\u0142owa\">Read more<\/a><\/p>\n","protected":false},"author":1,"featured_media":0,"comment_status":"open","ping_status":"open","sticky":false,"template":"","format":"standard","meta":{"footnotes":""},"categories":[1],"tags":[],"class_list":["post-23806","post","type-post","status-publish","format-standard","hentry","category-uncategorized"],"_links":{"self":[{"href":"https:\/\/dobrezrodla.com\/index.php?rest_route=\/wp\/v2\/posts\/23806","targetHints":{"allow":["GET"]}}],"collection":[{"href":"https:\/\/dobrezrodla.com\/index.php?rest_route=\/wp\/v2\/posts"}],"about":[{"href":"https:\/\/dobrezrodla.com\/index.php?rest_route=\/wp\/v2\/types\/post"}],"author":[{"embeddable":true,"href":"https:\/\/dobrezrodla.com\/index.php?rest_route=\/wp\/v2\/users\/1"}],"replies":[{"embeddable":true,"href":"https:\/\/dobrezrodla.com\/index.php?rest_route=%2Fwp%2Fv2%2Fcomments&post=23806"}],"version-history":[{"count":1,"href":"https:\/\/dobrezrodla.com\/index.php?rest_route=\/wp\/v2\/posts\/23806\/revisions"}],"predecessor-version":[{"id":23807,"href":"https:\/\/dobrezrodla.com\/index.php?rest_route=\/wp\/v2\/posts\/23806\/revisions\/23807"}],"wp:attachment":[{"href":"https:\/\/dobrezrodla.com\/index.php?rest_route=%2Fwp%2Fv2%2Fmedia&parent=23806"}],"wp:term":[{"taxonomy":"category","embeddable":true,"href":"https:\/\/dobrezrodla.com\/index.php?rest_route=%2Fwp%2Fv2%2Fcategories&post=23806"},{"taxonomy":"post_tag","embeddable":true,"href":"https:\/\/dobrezrodla.com\/index.php?rest_route=%2Fwp%2Fv2%2Ftags&post=23806"}],"curies":[{"name":"wp","href":"https:\/\/api.w.org\/{rel}","templated":true}]}}