{"id":23808,"date":"2026-04-29T20:29:53","date_gmt":"2026-04-29T20:29:53","guid":{"rendered":"https:\/\/dobrezrodla.com\/?p=23808"},"modified":"2026-04-29T20:29:53","modified_gmt":"2026-04-29T20:29:53","slug":"czy-przemyslaw-czarnek-budzi-zaufanie-jako-polityk-polacy-podzieleni","status":"publish","type":"post","link":"https:\/\/dobrezrodla.com\/?p=23808","title":{"rendered":"Czy Przemys\u0142aw Czarnek budzi zaufanie jako polityk? Polacy podzieleni"},"content":{"rendered":"\n<p>Posta\u0107 Przemys\u0142aw Czarnek od lat wywo\u0142uje silne emocje na polskiej scenie politycznej. By\u0142y minister edukacji i nauki jest dla jednych symbolem zdecydowanego przyw\u00f3dztwa, dla innych \u2013 postaci\u0105 kontrowersyjn\u0105.<\/p>\n\n\n\n<p>Zwolennicy Czarnka podkre\u015blaj\u0105 jego konsekwencj\u0119 w dzia\u0142aniu oraz przywi\u0105zanie do tradycyjnych warto\u015bci. Ich zdaniem polityk jasno okre\u015bla swoje stanowisko i nie unika trudnych temat\u00f3w, co w dzisiejszej polityce jest rzadko\u015bci\u0105.<\/p>\n\n\n\n<p>Krytycy natomiast wskazuj\u0105 na liczne kontrowersje zwi\u0105zane z jego wypowiedziami oraz decyzjami podejmowanymi w czasie pe\u0142nienia funkcji ministra. Uwa\u017caj\u0105 oni, \u017ce jego styl polityczny jest zbyt konfrontacyjny i mo\u017ce pog\u0142\u0119bia\u0107 podzia\u0142y spo\u0142eczne.<\/p>\n\n\n\n<p>Najnowsze sonda\u017ce pokazuj\u0105, \u017ce opinie na temat Czarnka s\u0105 wyra\u017anie spolaryzowane. Cz\u0119\u015b\u0107 spo\u0142ecze\u0144stwa deklaruje wobec niego du\u017ce zaufanie, podczas gdy inni pozostaj\u0105 zdecydowanie sceptyczni.<\/p>\n\n\n\n<p>Eksperci podkre\u015blaj\u0105, \u017ce przysz\u0142o\u015b\u0107 polityczna Czarnka b\u0119dzie zale\u017ca\u0142a od jego zdolno\u015bci do budowania szerszego poparcia oraz \u0142agodzenia spor\u00f3w.<\/p>\n","protected":false},"excerpt":{"rendered":"<p>Posta\u0107 Przemys\u0142aw Czarnek od lat wywo\u0142uje silne emocje na polskiej scenie politycznej. By\u0142y minister edukacji i nauki jest dla jednych symbolem zdecydowanego przyw\u00f3dztwa, dla innych \u2013 postaci\u0105 kontrowersyjn\u0105. Zwolennicy Czarnka podkre\u015blaj\u0105 jego konsekwencj\u0119 w dzia\u0142aniu oraz przywi\u0105zanie do tradycyjnych warto\u015bci. Ich zdaniem polityk jasno okre\u015bla swoje stanowisko i nie unika trudnych temat\u00f3w, co w dzisiejszej &#8230; <a title=\"Czy Przemys\u0142aw Czarnek budzi zaufanie jako polityk? Polacy podzieleni\" class=\"read-more\" href=\"https:\/\/dobrezrodla.com\/?p=23808\" aria-label=\"Read more about Czy Przemys\u0142aw Czarnek budzi zaufanie jako polityk? Polacy podzieleni\">Read more<\/a><\/p>\n","protected":false},"author":1,"featured_media":0,"comment_status":"open","ping_status":"open","sticky":false,"template":"","format":"standard","meta":{"footnotes":""},"categories":[1],"tags":[],"class_list":["post-23808","post","type-post","status-publish","format-standard","hentry","category-uncategorized"],"_links":{"self":[{"href":"https:\/\/dobrezrodla.com\/index.php?rest_route=\/wp\/v2\/posts\/23808","targetHints":{"allow":["GET"]}}],"collection":[{"href":"https:\/\/dobrezrodla.com\/index.php?rest_route=\/wp\/v2\/posts"}],"about":[{"href":"https:\/\/dobrezrodla.com\/index.php?rest_route=\/wp\/v2\/types\/post"}],"author":[{"embeddable":true,"href":"https:\/\/dobrezrodla.com\/index.php?rest_route=\/wp\/v2\/users\/1"}],"replies":[{"embeddable":true,"href":"https:\/\/dobrezrodla.com\/index.php?rest_route=%2Fwp%2Fv2%2Fcomments&post=23808"}],"version-history":[{"count":1,"href":"https:\/\/dobrezrodla.com\/index.php?rest_route=\/wp\/v2\/posts\/23808\/revisions"}],"predecessor-version":[{"id":23809,"href":"https:\/\/dobrezrodla.com\/index.php?rest_route=\/wp\/v2\/posts\/23808\/revisions\/23809"}],"wp:attachment":[{"href":"https:\/\/dobrezrodla.com\/index.php?rest_route=%2Fwp%2Fv2%2Fmedia&parent=23808"}],"wp:term":[{"taxonomy":"category","embeddable":true,"href":"https:\/\/dobrezrodla.com\/index.php?rest_route=%2Fwp%2Fv2%2Fcategories&post=23808"},{"taxonomy":"post_tag","embeddable":true,"href":"https:\/\/dobrezrodla.com\/index.php?rest_route=%2Fwp%2Fv2%2Ftags&post=23808"}],"curies":[{"name":"wp","href":"https:\/\/api.w.org\/{rel}","templated":true}]}}