{"id":23841,"date":"2026-04-30T19:29:28","date_gmt":"2026-04-30T19:29:28","guid":{"rendered":"https:\/\/dobrezrodla.com\/?p=23841"},"modified":"2026-04-30T19:29:28","modified_gmt":"2026-04-30T19:29:28","slug":"nawrocki-wezwany-do-prokuratury-stanowisko-palacu-prezydenckiego","status":"publish","type":"post","link":"https:\/\/dobrezrodla.com\/?p=23841","title":{"rendered":"Nawrocki wezwany do prokuratury \u2013 stanowisko Pa\u0142acu Prezydenckiego"},"content":{"rendered":"\n<p>Prezydent Karol Nawrocki musi stawi\u0107 si\u0119 na wezwanie Prokuratury Okr\u0119gowej w Gda\u0144sku w charakterze \u015bwiadka w sprawie dotycz\u0105cej gda\u0144skiego muzeum. Otrzymanie wezwania potwierdzi\u0142 Zbigniew Bogucki, szef Kancelarii Prezydenta, dodaj\u0105c, \u017ce g\u0142owa pa\u0144stwa pojawi si\u0119 przed organami \u015bcigania, gdy pozwoli na to napi\u0119ty grafik zagranicznych wizyt.<\/p>\n\n\n\n<p>Zapowied\u017a wsp\u00f3\u0142pracy i szacunek dla prawa<\/p>\n\n\n\n<p>Przed posiedzeniem sejmowej komisji Zbigniew Bogucki zapewni\u0142 dziennikarzy o gotowo\u015bci Karola Nawrockiego do z\u0142o\u017cenia zezna\u0144. Kancelaria Prezydenta RP otrzyma\u0142a oficjalne pismo z prokuratury. Bogucki podkre\u015bli\u0142:<\/p>\n\n\n\n<p>\u201eNiew\u0105tpliwie prezydent, wtedy gdy kalendarz na to pozwoli, odpowie na to wezwanie w charakterze \u015bwiadka.\u201d<\/p>\n\n\n\n<p>Przedstawiciel Pa\u0142acu zaznaczy\u0142, \u017ce wsp\u00f3\u0142praca z organami \u015bcigania wynika z poszanowania instytucji pa\u0144stwowych, a nie z nacisk\u00f3w politycznych.<\/p>\n\n\n\n<p>\u201eTo nie jest kwestia biegania po prokuraturach na \u017c\u0105danie tego czy innego ministra. Trzeba szanowa\u0107 prawo i prezydent je szanuje.\u201d<\/p>\n\n\n\n<p>Minister zapewni\u0142, \u017ce prezydent wype\u0142ni wszystkie zobowi\u0105zania procesowe zgodnie z liter\u0105 prawa.<\/p>\n\n\n\n<p>Termin przes\u0142uchania uzale\u017cniony od obowi\u0105zk\u00f3w pa\u0144stwowych<\/p>\n\n\n\n<p>G\u0142\u00f3wnym czynnikiem decyduj\u0105cym o terminie przes\u0142uchania jest kalendarz wizyt mi\u0119dzynarodowych prezydenta Nawrockiego. Wed\u0142ug Boguckiego obecnie obejmuj\u0105 one kluczowe wyjazdy do kraj\u00f3w Europy Po\u0142udniowo-Wschodniej. Szef KPRP wskaza\u0142:<\/p>\n\n\n\n<p>\u201eTo pismo wp\u0142yn\u0119\u0142o, prezydent dzi\u015b jest w Chorwacji, za chwil\u0119 ma wizyt\u0119 w Rumunii. Z tego pisma, co pami\u0119tam, jest te\u017c mo\u017cliwo\u015b\u0107 przes\u0142uchania w jakim\u015b innym miejscu.\u201d<\/p>\n\n\n\n<p>Bogucki podkre\u015bli\u0142, \u017ce sprawy o znaczeniu pa\u0144stwowym maj\u0105 pierwsze\u0144stwo przed dzia\u0142aniami prokuratury.<\/p>\n\n\n\n<p>\u201ePrezydent odpowiada: najpierw sprawy mi\u0119dzynarodowe, bezpiecze\u0144stwa, gospodarcze, spo\u0142eczne i wiele innych pa\u0144stwowych spraw, a p\u00f3\u017aniej ta pogo\u0144 polityczna.\u201d<\/p>\n\n\n\n<p>Minister wyrazi\u0142 opini\u0119, \u017ce \u015bledztwo ma charakter polityczny.<\/p>\n\n\n\n<p>Przedmiot \u015bledztwa: luksusowy apartament muzealny<br>Prokuratura gda\u0144ska bada okres od pa\u017adziernika 2017 do czerwca 2024 roku pod k\u0105tem podejrzenia przekroczenia uprawnie\u0144 przez funkcjonariuszy publicznych. Chodzi o nieodp\u0142atne korzystanie przez Karola Nawrockiego z luksusowych pokoi i apartament\u00f3w w Muzeum II Wojny \u015awiatowej w Gda\u0144sku. Media ujawni\u0142y, \u017ce jako \u00f3wczesny dyrektor muzeum Nawrocki m\u00f3g\u0142 przebywa\u0107 w apartamencie deluxe przez ponad 200 dni.<\/p>\n\n\n\n<p>Kontrowersje budzi fakt, \u017ce prywatne mieszkanie prezydenta znajduje si\u0119 zaledwie 5 kilometr\u00f3w od muzeum, a za pobyty w jego pokojach nie odnotowano wp\u0142at. \u015aledczy ustalaj\u0105, czy dosz\u0142o do wyrz\u0105dzenia szkody w mieniu instytucji kultury.<\/p>\n\n\n\n<p>obrazek<\/p>\n\n\n\n<p>Stanowisko prezydenta i jego wyja\u015bnienia<br>Karol Nawrocki od pocz\u0105tku odpiera zarzuty o nieuprawnione korzystanie z apartamentu, nazywaj\u0105c spraw\u0119 \u201equasi-afer\u0105\u201d. Na konferencji prasowej w ubieg\u0142ym roku wyja\u015bni\u0142, \u017ce nocowa\u0142 tam tylko podczas dw\u00f3ch dziesi\u0119ciodniowych kwarantann w pandemii COVID-19, co pozwala\u0142o na bezpieczn\u0105 prac\u0119 zdaln\u0105.<\/p>\n\n\n\n<p>Podkre\u015bli\u0142, \u017ce w pozosta\u0142ych przypadkach pomieszczenie s\u0142u\u017cy\u0142o wy\u0142\u0105cznie do oficjalnych spotka\u0144 s\u0142u\u017cbowych z delegacjami krajowymi i zagranicznymi.<\/p>\n\n\n\n<p>Zbigniew Bogucki zaznaczy\u0142, \u017ce mimo zarzut\u00f3w spo\u0142ecze\u0144stwo wybra\u0142o Nawrockiego na prezydenta, co \u015bwiadczy o braku poparcia dla oskar\u017ce\u0144 prokuratury.<\/p>\n\n\n\n<p>Last updated kwi 30, 2026 1 669<\/p>\n","protected":false},"excerpt":{"rendered":"<p>Prezydent Karol Nawrocki musi stawi\u0107 si\u0119 na wezwanie Prokuratury Okr\u0119gowej w Gda\u0144sku w charakterze \u015bwiadka w sprawie dotycz\u0105cej gda\u0144skiego muzeum. Otrzymanie wezwania potwierdzi\u0142 Zbigniew Bogucki, szef Kancelarii Prezydenta, dodaj\u0105c, \u017ce g\u0142owa pa\u0144stwa pojawi si\u0119 przed organami \u015bcigania, gdy pozwoli na to napi\u0119ty grafik zagranicznych wizyt. Zapowied\u017a wsp\u00f3\u0142pracy i szacunek dla prawa Przed posiedzeniem sejmowej komisji &#8230; <a title=\"Nawrocki wezwany do prokuratury \u2013 stanowisko Pa\u0142acu Prezydenckiego\" class=\"read-more\" href=\"https:\/\/dobrezrodla.com\/?p=23841\" aria-label=\"Read more about Nawrocki wezwany do prokuratury \u2013 stanowisko Pa\u0142acu Prezydenckiego\">Read more<\/a><\/p>\n","protected":false},"author":1,"featured_media":0,"comment_status":"open","ping_status":"open","sticky":false,"template":"","format":"standard","meta":{"footnotes":""},"categories":[1],"tags":[],"class_list":["post-23841","post","type-post","status-publish","format-standard","hentry","category-uncategorized"],"_links":{"self":[{"href":"https:\/\/dobrezrodla.com\/index.php?rest_route=\/wp\/v2\/posts\/23841","targetHints":{"allow":["GET"]}}],"collection":[{"href":"https:\/\/dobrezrodla.com\/index.php?rest_route=\/wp\/v2\/posts"}],"about":[{"href":"https:\/\/dobrezrodla.com\/index.php?rest_route=\/wp\/v2\/types\/post"}],"author":[{"embeddable":true,"href":"https:\/\/dobrezrodla.com\/index.php?rest_route=\/wp\/v2\/users\/1"}],"replies":[{"embeddable":true,"href":"https:\/\/dobrezrodla.com\/index.php?rest_route=%2Fwp%2Fv2%2Fcomments&post=23841"}],"version-history":[{"count":1,"href":"https:\/\/dobrezrodla.com\/index.php?rest_route=\/wp\/v2\/posts\/23841\/revisions"}],"predecessor-version":[{"id":23842,"href":"https:\/\/dobrezrodla.com\/index.php?rest_route=\/wp\/v2\/posts\/23841\/revisions\/23842"}],"wp:attachment":[{"href":"https:\/\/dobrezrodla.com\/index.php?rest_route=%2Fwp%2Fv2%2Fmedia&parent=23841"}],"wp:term":[{"taxonomy":"category","embeddable":true,"href":"https:\/\/dobrezrodla.com\/index.php?rest_route=%2Fwp%2Fv2%2Fcategories&post=23841"},{"taxonomy":"post_tag","embeddable":true,"href":"https:\/\/dobrezrodla.com\/index.php?rest_route=%2Fwp%2Fv2%2Ftags&post=23841"}],"curies":[{"name":"wp","href":"https:\/\/api.w.org\/{rel}","templated":true}]}}