{"id":23883,"date":"2026-04-30T19:52:21","date_gmt":"2026-04-30T19:52:21","guid":{"rendered":"https:\/\/dobrezrodla.com\/?p=23883"},"modified":"2026-04-30T19:52:22","modified_gmt":"2026-04-30T19:52:22","slug":"wotum-nieufnosci-ws-ministry-hennig-kloski-donald-tusk-zabral-glos-w-sejmie","status":"publish","type":"post","link":"https:\/\/dobrezrodla.com\/?p=23883","title":{"rendered":"Wotum nieufno\u015bci ws. ministry Hennig-Kloski. Donald Tusk zabra\u0142 g\u0142os w Sejmie"},"content":{"rendered":"\n<p>Podczas czwartkowego posiedzenia Sejmu dosz\u0142o do kluczowej debaty nad wnioskiem o wotum nieufno\u015bci wobec ministry klimatu i \u015brodowiska Pauliny Hennig-Kloski. Jak wynika z transmisji sejmowej, premier Donald Tusk wyg\u0142osi\u0142 przem\u00f3wienie, w kt\u00f3rym odni\u00f3s\u0142 si\u0119 do przysz\u0142o\u015bci resortu oraz oceni\u0142 dzia\u0142ania opozycji.<\/p>\n\n\n\n<p>Odrzucenie dymisji i kontynuacja pracy<br>Podczas czwartkowego posiedzenia Sejmu premier Donald Tusk jednoznacznie potwierdzi\u0142, \u017ce nie b\u0119dzie zmiany na stanowisku szefa resortu klimatu i \u015brodowiska.<\/p>\n\n\n\n<p>Zgodnie z sejmowym stenogramem szef rz\u0105du stanowczo odrzuci\u0142 wniosek o wotum nieufno\u015bci z\u0142o\u017cony przez Prawo i Sprawiedliwo\u015b\u0107 oraz Konfederacj\u0119. Premier zwr\u00f3ci\u0142 si\u0119 bezpo\u015brednio do polityk\u00f3w opozycji, definitywnie ucinaj\u0105c doniesienia o mo\u017cliwej rekonstrukcji rz\u0105du.<\/p>\n\n\n\n<p>\u201ePani minister Paulina Hennig-Kloska b\u0119dzie dalej zarz\u0105dza\u0142a swoim ministerstwem niezale\u017cnie od waszych intryg i nieodpowiedzialnych atak\u00f3w\u201d \u2013 o\u015bwiadczy\u0142 premier z m\u00f3wnicy sejmowej.<\/p>\n\n\n\n<p>Jak przekaza\u0142 szef rz\u0105du, kierownictwo ministerstwa skupia si\u0119 obecnie na stabilizacji cen no\u015bnik\u00f3w energii oraz ochronie polskiego \u015brodowiska naturalnego.<\/p>\n\n\n\n<p>Ostre s\u0142owa premiera o politycznych &#8220;freak fightach&#8221;<br>Szef rz\u0105du w swoim wyst\u0105pieniu nie szcz\u0119dzi\u0142 krytyki pod adresem autor\u00f3w wniosku, odnosz\u0105c si\u0119 do ich zachowania podczas parlamentarnych obrad. Jak poinformowa\u0142 Donald Tusk, dzia\u0142ania pos\u0142\u00f3w opozycji pozbawione s\u0105 merytorycznego przes\u0142ania i s\u0142u\u017c\u0105 wy\u0142\u0105cznie wywo\u0142ywaniu politycznych awantur.<\/p>\n\n\n\n<p>Premier otwarcie por\u00f3wna\u0142 sytuacj\u0119 na sali plenarnej do popularnych w internecie gal z udzia\u0142em amator\u00f3w.<\/p>\n\n\n\n<p>\u201eWy przypominacie tak\u0105 wielk\u0105 klatk\u0119 pe\u0142n\u0105 freak\u00f3w bardzo agresywnych, skrajnie nieodpowiedzialnych, kt\u00f3rzy polityk\u0119, \u017cycie publiczne zamieniaj\u0105 w nieustanne ok\u0142adanie si\u0119 pi\u0119\u015bciami\u201d \u2013 stwierdzi\u0142 szef rz\u0105du.<\/p>\n\n\n\n<p>Wed\u0142ug oceny premiera takie post\u0119powanie to d\u0105\u017cenie do sprowokowania politycznej wojny domowej.<\/p>\n\n\n\n<p>KONIECZNIE OBEJRZYJ. POWA\u017bNE ZAGRO\u017bENIE DLA POLSKI. ZNANY STRATEG BIJE NA ALARM<\/p>\n\n\n\n<p>Zarzuty o nielegalne wysypiska i napraw\u0119 b\u0142\u0119d\u00f3w<br>Wyst\u0105pienie premiera obj\u0119\u0142o r\u00f3wnie\u017c stanowcz\u0105 obron\u0119 dotychczasowych dzia\u0142a\u0144 resortu \u015brodowiska. Szef rz\u0105du zwr\u00f3ci\u0142 uwag\u0119, \u017ce obecne kierownictwo ministerstwa musi mierzy\u0107 si\u0119 z powa\u017cnymi problemami pozostawionymi przez poprzedni\u0105 ekip\u0119.<\/p>\n\n\n\n<p>Z informacji przedstawionych przez prezesa Rady Ministr\u00f3w wynika, \u017ce za rz\u0105d\u00f3w prawicy Polska zmaga\u0142a si\u0119 z masowym importem zagranicznych odpad\u00f3w. Tusk precyzyjnie wskaza\u0142, z czym obecnie mierzy si\u0119 kierownictwo resortu.<\/p>\n\n\n\n<p>\u201ePo\u0142owa roboty pani minister Pauliny Hennig-Kloski to jest w\u0142a\u015bnie czyszczenie tych \u015bmieci, metaforycznych i tych \u015bmieci faktycznych po o\u015bmiu latach waszych rz\u0105d\u00f3w\u201d \u2013 podkre\u015bli\u0142 premier podczas przem\u00f3wienia.<\/p>\n\n\n\n<p>Zgodnie z deklaracj\u0105 premiera rz\u0105d konsekwentnie realizuje program naprawczy.<\/p>\n\n\n\n<p>Jedno\u015b\u0107 koalicji w obliczu pr\u00f3b roz\u0142amu<br>Ko\u0144cowa cz\u0119\u015b\u0107 sejmowego przem\u00f3wienia dotyczy\u0142a politycznych motywacji, kt\u00f3re wed\u0142ug ustale\u0144 premiera sta\u0142y za z\u0142o\u017ceniem sejmowego wniosku o wotum nieufno\u015bci. Jak przekaza\u0142 Donald Tusk, opozycja z g\u00f3ry zak\u0142ada\u0142a przegran\u0105 w g\u0142osowaniu, a jej strategicznym celem by\u0142o wywo\u0142anie kryzysu wewn\u0105trz obozu w\u0142adzy.<\/p>\n\n\n\n<p>\u201eW przypadku pani Pauliny Hennig-Kloski przecie\u017c nie mam \u017cadnych w\u0105tpliwo\u015bci, \u017ce zwietrzyli\u015bcie szans\u0119, a mo\u017ce uda si\u0119 wbi\u0107 klin pomi\u0119dzy partie tworz\u0105ce koalicj\u0119 15 pa\u017adziernika. Przeliczyli\u015bcie si\u0119\u201d \u2013 podsumowa\u0142 szef rz\u0105du.<\/p>\n\n\n\n<p>Premier zapewni\u0142 opini\u0119 publiczn\u0105 oraz zgromadzonych w izbie pos\u0142\u00f3w, \u017ce ugrupowania koalicyjne bezwzgl\u0119dnie zachowaj\u0105 jedno\u015b\u0107 we wszystkich kluczowych sprawach.<\/p>\n","protected":false},"excerpt":{"rendered":"<p>Podczas czwartkowego posiedzenia Sejmu dosz\u0142o do kluczowej debaty nad wnioskiem o wotum nieufno\u015bci wobec ministry klimatu i \u015brodowiska Pauliny Hennig-Kloski. Jak wynika z transmisji sejmowej, premier Donald Tusk wyg\u0142osi\u0142 przem\u00f3wienie, w kt\u00f3rym odni\u00f3s\u0142 si\u0119 do przysz\u0142o\u015bci resortu oraz oceni\u0142 dzia\u0142ania opozycji. Odrzucenie dymisji i kontynuacja pracyPodczas czwartkowego posiedzenia Sejmu premier Donald Tusk jednoznacznie potwierdzi\u0142, \u017ce &#8230; <a title=\"Wotum nieufno\u015bci ws. ministry Hennig-Kloski. Donald Tusk zabra\u0142 g\u0142os w Sejmie\" class=\"read-more\" href=\"https:\/\/dobrezrodla.com\/?p=23883\" aria-label=\"Read more about Wotum nieufno\u015bci ws. ministry Hennig-Kloski. Donald Tusk zabra\u0142 g\u0142os w Sejmie\">Read more<\/a><\/p>\n","protected":false},"author":1,"featured_media":0,"comment_status":"open","ping_status":"open","sticky":false,"template":"","format":"standard","meta":{"footnotes":""},"categories":[1],"tags":[],"class_list":["post-23883","post","type-post","status-publish","format-standard","hentry","category-uncategorized"],"_links":{"self":[{"href":"https:\/\/dobrezrodla.com\/index.php?rest_route=\/wp\/v2\/posts\/23883","targetHints":{"allow":["GET"]}}],"collection":[{"href":"https:\/\/dobrezrodla.com\/index.php?rest_route=\/wp\/v2\/posts"}],"about":[{"href":"https:\/\/dobrezrodla.com\/index.php?rest_route=\/wp\/v2\/types\/post"}],"author":[{"embeddable":true,"href":"https:\/\/dobrezrodla.com\/index.php?rest_route=\/wp\/v2\/users\/1"}],"replies":[{"embeddable":true,"href":"https:\/\/dobrezrodla.com\/index.php?rest_route=%2Fwp%2Fv2%2Fcomments&post=23883"}],"version-history":[{"count":1,"href":"https:\/\/dobrezrodla.com\/index.php?rest_route=\/wp\/v2\/posts\/23883\/revisions"}],"predecessor-version":[{"id":23884,"href":"https:\/\/dobrezrodla.com\/index.php?rest_route=\/wp\/v2\/posts\/23883\/revisions\/23884"}],"wp:attachment":[{"href":"https:\/\/dobrezrodla.com\/index.php?rest_route=%2Fwp%2Fv2%2Fmedia&parent=23883"}],"wp:term":[{"taxonomy":"category","embeddable":true,"href":"https:\/\/dobrezrodla.com\/index.php?rest_route=%2Fwp%2Fv2%2Fcategories&post=23883"},{"taxonomy":"post_tag","embeddable":true,"href":"https:\/\/dobrezrodla.com\/index.php?rest_route=%2Fwp%2Fv2%2Ftags&post=23883"}],"curies":[{"name":"wp","href":"https:\/\/api.w.org\/{rel}","templated":true}]}}