{"id":23887,"date":"2026-04-30T19:54:29","date_gmt":"2026-04-30T19:54:29","guid":{"rendered":"https:\/\/dobrezrodla.com\/?p=23887"},"modified":"2026-04-30T19:54:30","modified_gmt":"2026-04-30T19:54:30","slug":"%f0%9f%87%b5%f0%9f%87%b1-reakcja-donalda-tuska-na-wystapienie-janusza-kowalskiego-wywolala-emocje","status":"publish","type":"post","link":"https:\/\/dobrezrodla.com\/?p=23887","title":{"rendered":"&#x1f1f5;&#x1f1f1; Reakcja Donalda Tuska na wyst\u0105pienie Janusza Kowalskiego wywo\u0142a\u0142a emocje"},"content":{"rendered":"\n<p>Podczas jednego z ostatnich wyst\u0105pie\u0144 w Sejmie dosz\u0142o do sytuacji, kt\u00f3ra szybko odbi\u0142a si\u0119 szerokim echem w mediach i internecie. W trakcie przem\u00f3wienia Janusza Kowalskiego, premier Donald Tusk zareagowa\u0142 w spos\u00f3b, kt\u00f3ry wielu odebra\u0142o jako ironiczny lub lekcewa\u017c\u0105cy.<\/p>\n\n\n\n<p>Nagrania z sali obrad pokazuj\u0105 moment, w kt\u00f3rym premier u\u015bmiecha si\u0119 i komentuje wypowied\u017a pos\u0142a, co cz\u0119\u015b\u0107 opinii publicznej uzna\u0142a za przejaw braku szacunku. Zwolennicy Tuska twierdz\u0105 jednak, \u017ce by\u0142a to naturalna reakcja na tre\u015b\u0107 wyst\u0105pienia, kt\u00f3re ich zdaniem zawiera\u0142o kontrowersyjne lub przesadzone tezy.<\/p>\n\n\n\n<p>Z kolei krytycy premiera podkre\u015blaj\u0105, \u017ce takie zachowanie nie przystoi osobie pe\u0142ni\u0105cej tak wa\u017cn\u0105 funkcj\u0119 publiczn\u0105 i mo\u017ce pog\u0142\u0119bia\u0107 podzia\u0142y polityczne.<\/p>\n\n\n\n<p>Ca\u0142a sytuacja ponownie rozpali\u0142a debat\u0119 na temat standard\u00f3w debaty publicznej w Polsce oraz relacji mi\u0119dzy przedstawicielami r\u00f3\u017cnych ugrupowa\u0144 politycznych.<\/p>\n","protected":false},"excerpt":{"rendered":"<p>Podczas jednego z ostatnich wyst\u0105pie\u0144 w Sejmie dosz\u0142o do sytuacji, kt\u00f3ra szybko odbi\u0142a si\u0119 szerokim echem w mediach i internecie. W trakcie przem\u00f3wienia Janusza Kowalskiego, premier Donald Tusk zareagowa\u0142 w spos\u00f3b, kt\u00f3ry wielu odebra\u0142o jako ironiczny lub lekcewa\u017c\u0105cy. Nagrania z sali obrad pokazuj\u0105 moment, w kt\u00f3rym premier u\u015bmiecha si\u0119 i komentuje wypowied\u017a pos\u0142a, co cz\u0119\u015b\u0107 &#8230; <a title=\"&#x1f1f5;&#x1f1f1; Reakcja Donalda Tuska na wyst\u0105pienie Janusza Kowalskiego wywo\u0142a\u0142a emocje\" class=\"read-more\" href=\"https:\/\/dobrezrodla.com\/?p=23887\" aria-label=\"Read more about &#x1f1f5;&#x1f1f1; Reakcja Donalda Tuska na wyst\u0105pienie Janusza Kowalskiego wywo\u0142a\u0142a emocje\">Read more<\/a><\/p>\n","protected":false},"author":1,"featured_media":0,"comment_status":"open","ping_status":"open","sticky":false,"template":"","format":"standard","meta":{"footnotes":""},"categories":[1],"tags":[],"class_list":["post-23887","post","type-post","status-publish","format-standard","hentry","category-uncategorized"],"_links":{"self":[{"href":"https:\/\/dobrezrodla.com\/index.php?rest_route=\/wp\/v2\/posts\/23887","targetHints":{"allow":["GET"]}}],"collection":[{"href":"https:\/\/dobrezrodla.com\/index.php?rest_route=\/wp\/v2\/posts"}],"about":[{"href":"https:\/\/dobrezrodla.com\/index.php?rest_route=\/wp\/v2\/types\/post"}],"author":[{"embeddable":true,"href":"https:\/\/dobrezrodla.com\/index.php?rest_route=\/wp\/v2\/users\/1"}],"replies":[{"embeddable":true,"href":"https:\/\/dobrezrodla.com\/index.php?rest_route=%2Fwp%2Fv2%2Fcomments&post=23887"}],"version-history":[{"count":1,"href":"https:\/\/dobrezrodla.com\/index.php?rest_route=\/wp\/v2\/posts\/23887\/revisions"}],"predecessor-version":[{"id":23888,"href":"https:\/\/dobrezrodla.com\/index.php?rest_route=\/wp\/v2\/posts\/23887\/revisions\/23888"}],"wp:attachment":[{"href":"https:\/\/dobrezrodla.com\/index.php?rest_route=%2Fwp%2Fv2%2Fmedia&parent=23887"}],"wp:term":[{"taxonomy":"category","embeddable":true,"href":"https:\/\/dobrezrodla.com\/index.php?rest_route=%2Fwp%2Fv2%2Fcategories&post=23887"},{"taxonomy":"post_tag","embeddable":true,"href":"https:\/\/dobrezrodla.com\/index.php?rest_route=%2Fwp%2Fv2%2Ftags&post=23887"}],"curies":[{"name":"wp","href":"https:\/\/api.w.org\/{rel}","templated":true}]}}