{"id":23893,"date":"2026-04-30T19:56:52","date_gmt":"2026-04-30T19:56:52","guid":{"rendered":"https:\/\/dobrezrodla.com\/?p=23893"},"modified":"2026-04-30T19:56:53","modified_gmt":"2026-04-30T19:56:53","slug":"zaskakujace-slowa-tuska-w-sejmie-zdejmij-marynarke-chlopie-salwy-smiechu-na-sali-plenarnej","status":"publish","type":"post","link":"https:\/\/dobrezrodla.com\/?p=23893","title":{"rendered":"Zaskakuj\u0105ce s\u0142owa Tuska w Sejmie. &#8220;Zdejmij marynark\u0119 ch\u0142opie\u201d. Salwy \u015bmiechu na sali plenarnej"},"content":{"rendered":"\n<p>Podczas czwartkowego posiedzenia Sejmu dosz\u0142o do niecodziennej wymiany zda\u0144, kt\u00f3ra wywo\u0142a\u0142a powszechne rozbawienie parlamentarzyst\u00f3w. Jak informuj\u0105 \u015bwiadkowie obrad oraz oficjalne komunikaty z 56. posiedzenia izby, premier i marsza\u0142ek odnie\u015bli si\u0119 do \u015bwiata walk w klatkach.<\/p>\n\n\n\n<p>Metafory \u201efreak fight\u00f3w\u201d w debacie parlamentarnej<br>W trakcie debaty nad wnioskiem o wotum nieufno\u015bci premier Donald Tusk por\u00f3wna\u0142 zachowanie opozycji do star\u0107 typu \u201efreak fight\u201d. Szef rz\u0105du zarzuci\u0142 pos\u0142om Prawa i Sprawiedliwo\u015bci oraz Konfederacji zamienianie polityki w agresywne widowisko oparte na konfrontacji.<\/p>\n\n\n\n<p>\u201eMamy nie tylko ja, mam to otwarte wra\u017cenie, \u017ce chcieliby\u015bcie zamieni\u0107 Sejm w tak\u0105 wielk\u0105 klatk\u0119. Wy przypominacie tak\u0105 wielk\u0105 klatk\u0119 pe\u0142n\u0105 freak\u00f3w bardzo agresywnych\u201d \u2013 stwierdzi\u0142 Donald Tusk.<\/p>\n\n\n\n<p>Wed\u0142ug relacji parlamentarnych, metafora ta sta\u0142a si\u0119 punktem wyj\u015bcia do dalszej wymiany \u017cart\u00f3w.<\/p>\n\n\n\n<p>Wizja \u201eCzarnka z Mejz\u0105 w klatce\u201d wed\u0142ug marsza\u0142ka<br>Szymon Ho\u0142ownia odni\u00f3s\u0142 si\u0119 do s\u0142\u00f3w premiera, wskazuj\u0105c na konkretne skojarzenia personalne wywo\u0142ane t\u0105 metafor\u0105.<\/p>\n\n\n\n<p>\u201eJa si\u0119 teraz chyba, nie tylko ja, nie b\u0119d\u0119 m\u00f3g\u0142 uwolni\u0107 od tego obrazu Czarnka z Mejz\u0105 w klatce i to mnie b\u0119dzie prze\u015bladowa\u0107\u201d \u2013 o\u015bwiadczy\u0142 wicemarsza\u0142ek Sejmu.<\/p>\n\n\n\n<p>Wypowied\u017a ta dotyczy\u0142a pos\u0142\u00f3w Przemys\u0142awa Czarnka i \u0141ukasza Mejzy, co wywo\u0142a\u0142o pierwsze oznaki weso\u0142o\u015bci na sali plenarnej.<\/p>\n\n\n\n<p>Zgodnie z relacjami \u015bwiadk\u00f3w, Ho\u0142ownia podkre\u015bli\u0142, \u017ce wizja ta wyj\u0105tkowo zapad\u0142a mu w pami\u0119\u0107 jako efekt wcze\u015bniejszej przemowy szefa rz\u0105du. Sytuacja ta nada\u0142a debacie mniej formalny charakter, mimo powagi procedowanego wniosku o odwo\u0142anie ministra.<\/p>\n\n\n\n<p>KONIECZNIE OBEJRZYJ. POWA\u017bNE ZAGRO\u017bENIE DLA POLSKI. ZNANY STRATEG BIJE NA ALARM<\/p>\n\n\n\n<p>Sugestia premiera i reakcja zgromadzonych<br>Do \u017cartu wicemarsza\u0142ka natychmiast do\u0142\u0105czy\u0142 Donald Tusk, zwracaj\u0105c si\u0119 bezpo\u015brednio do jednego z pos\u0142\u00f3w opozycji.<\/p>\n\n\n\n<p>\u201eZdejmij marynark\u0119 ch\u0142opie, bo to dziwnie wygl\u0105da w klatce w tej marynarce\u201d \u2013 zaapelowa\u0142 premier do parlamentarzysty.<\/p>\n\n\n\n<p>Jak wynika z oficjalnych protoko\u0142\u00f3w, riposta ta doprowadzi\u0142a do wybuchu g\u0142o\u015bnego \u015bmiechu i braw w\u015br\u00f3d zgromadzonych pos\u0142\u00f3w oraz cz\u0142onk\u00f3w rz\u0105du. Rozbawienia nie kryli m.in. wicepremier W\u0142adys\u0142aw Kosiniak-Kamysz oraz minister Paulina Hennig-Kloska.<\/p>\n\n\n\n<p>Po s\u0142owach premiera, Ho\u0142ownia zwr\u00f3ci\u0142 si\u0119 do go\u015bci obserwuj\u0105cych obrady z galerii:<\/p>\n\n\n\n<p>\u201eDroga m\u0142odzie\u017cy zgromadzona na galerii, nie pami\u0119tajcie o tym, o tych obrazach, bo to mo\u017ce wypaczy\u0107 ca\u0142e wasze wychowanie\u201d.<\/p>\n","protected":false},"excerpt":{"rendered":"<p>Podczas czwartkowego posiedzenia Sejmu dosz\u0142o do niecodziennej wymiany zda\u0144, kt\u00f3ra wywo\u0142a\u0142a powszechne rozbawienie parlamentarzyst\u00f3w. Jak informuj\u0105 \u015bwiadkowie obrad oraz oficjalne komunikaty z 56. posiedzenia izby, premier i marsza\u0142ek odnie\u015bli si\u0119 do \u015bwiata walk w klatkach. Metafory \u201efreak fight\u00f3w\u201d w debacie parlamentarnejW trakcie debaty nad wnioskiem o wotum nieufno\u015bci premier Donald Tusk por\u00f3wna\u0142 zachowanie opozycji do &#8230; <a title=\"Zaskakuj\u0105ce s\u0142owa Tuska w Sejmie. &#8220;Zdejmij marynark\u0119 ch\u0142opie\u201d. Salwy \u015bmiechu na sali plenarnej\" class=\"read-more\" href=\"https:\/\/dobrezrodla.com\/?p=23893\" aria-label=\"Read more about Zaskakuj\u0105ce s\u0142owa Tuska w Sejmie. &#8220;Zdejmij marynark\u0119 ch\u0142opie\u201d. Salwy \u015bmiechu na sali plenarnej\">Read more<\/a><\/p>\n","protected":false},"author":1,"featured_media":0,"comment_status":"open","ping_status":"open","sticky":false,"template":"","format":"standard","meta":{"footnotes":""},"categories":[1],"tags":[],"class_list":["post-23893","post","type-post","status-publish","format-standard","hentry","category-uncategorized"],"_links":{"self":[{"href":"https:\/\/dobrezrodla.com\/index.php?rest_route=\/wp\/v2\/posts\/23893","targetHints":{"allow":["GET"]}}],"collection":[{"href":"https:\/\/dobrezrodla.com\/index.php?rest_route=\/wp\/v2\/posts"}],"about":[{"href":"https:\/\/dobrezrodla.com\/index.php?rest_route=\/wp\/v2\/types\/post"}],"author":[{"embeddable":true,"href":"https:\/\/dobrezrodla.com\/index.php?rest_route=\/wp\/v2\/users\/1"}],"replies":[{"embeddable":true,"href":"https:\/\/dobrezrodla.com\/index.php?rest_route=%2Fwp%2Fv2%2Fcomments&post=23893"}],"version-history":[{"count":1,"href":"https:\/\/dobrezrodla.com\/index.php?rest_route=\/wp\/v2\/posts\/23893\/revisions"}],"predecessor-version":[{"id":23894,"href":"https:\/\/dobrezrodla.com\/index.php?rest_route=\/wp\/v2\/posts\/23893\/revisions\/23894"}],"wp:attachment":[{"href":"https:\/\/dobrezrodla.com\/index.php?rest_route=%2Fwp%2Fv2%2Fmedia&parent=23893"}],"wp:term":[{"taxonomy":"category","embeddable":true,"href":"https:\/\/dobrezrodla.com\/index.php?rest_route=%2Fwp%2Fv2%2Fcategories&post=23893"},{"taxonomy":"post_tag","embeddable":true,"href":"https:\/\/dobrezrodla.com\/index.php?rest_route=%2Fwp%2Fv2%2Ftags&post=23893"}],"curies":[{"name":"wp","href":"https:\/\/api.w.org\/{rel}","templated":true}]}}