{"id":23903,"date":"2026-04-30T20:02:17","date_gmt":"2026-04-30T20:02:17","guid":{"rendered":"https:\/\/dobrezrodla.com\/?p=23903"},"modified":"2026-04-30T20:02:17","modified_gmt":"2026-04-30T20:02:17","slug":"tyle-wynosi-majatek-janusza-kowalskiego-ustalono-przyblizona-kwote","status":"publish","type":"post","link":"https:\/\/dobrezrodla.com\/?p=23903","title":{"rendered":"Tyle wynosi maj\u0105tek Janusza Kowalskiego. Ustalono przybli\u017con\u0105 kwot\u0119"},"content":{"rendered":"\n<p>Janusz Kowalski odszed\u0142 z klubu parlamentarnego Prawa i Sprawiedliwo\u015bci i zosta\u0142 pos\u0142em niezrzeszonym. Decyzja zosta\u0142a potwierdzona przez rzecznika PiS Rafa\u0142a Bochenka, ale jej przyczyny nie zosta\u0142y ujawnione. Sprawdzili\u015bmy jego najnowsze o\u015bwiadczenie maj\u0105tkowe i ujawnione dane finansowe polityka.<\/p>\n\n\n\n<p>Odej\u015bcie Janusza Kowalskiego z klubu PiS<br>Zmiany w klubie parlamentarnym PiS nast\u0119puj\u0105 w kr\u00f3tkim odst\u0119pie czasu, co nadaje sprawie szerszy kontekst polityczny. Po odej\u015bciu \u0141ukasza Mejzy szeregi klubu opu\u015bci\u0142 r\u00f3wnie\u017c Janusz Kowalski, co zosta\u0142o oficjalnie potwierdzone przez rzecznika partii Rafa\u0142a Bochenka. Sam polityk poinformowa\u0142 o swojej decyzji w mediach spo\u0142eczno\u015bciowych, zaznaczaj\u0105c, \u017ce od teraz b\u0119dzie dzia\u0142a\u0142 jako pose\u0142 niezrzeszony.<\/p>\n\n\n\n<p>\u2013 Dzi\u015b z\u0142o\u017cy\u0142em rezygnacj\u0119 z cz\u0142onkostwa w Klubie Parlamentarnym. Serdecznie dzi\u0119kuj\u0119 Kole\u017cankom i Kolegom z PiS za lata \u015bwietnej wsp\u00f3\u0142pracy. Pozostan\u0119 pos\u0142em niezrzeszonym skupionym na pracy dla Polski \u2013 napisa\u0142 Janusz Kowalski na platformie X.<\/p>\n\n\n\n<p>Ani on, ani przedstawiciele partii nie wskazali jednoznacznych powod\u00f3w tej decyzji, co pozostawia przestrze\u0144 do r\u00f3\u017cnych interpretacji. W praktyce oznacza to nie tylko odej\u015bcie z klubu, ale \u2013 jak wynika ze statutu ugrupowania \u2013 tak\u017ce zako\u0144czenie cz\u0142onkostwa w samej partii.<\/p>\n\n\n\n<p>Ca\u0142a sytuacja wpisuje si\u0119 w seri\u0119 zmian personalnych, kt\u00f3re w ostatnim czasie dotkn\u0119\u0142y klub parlamentarny PiS i mog\u0105 \u015bwiadczy\u0107 o wewn\u0119trznych przetasowaniach.<\/p>\n\n\n\n<p>Dzi\u015b z\u0142o\u017cy\u0142em rezygnacj\u0119 z cz\u0142onkostwa w Klubie Parlamentarnym @pisorgpl. Serdecznie dzi\u0119kuj\u0119 Kole\u017cankom i Kolegom z PiS za lata \u015bwietnej wsp\u00f3\u0142pracy. Pozostan\u0119 pos\u0142em niezrzeszonym skupionym na pracy dla Polski.<\/p>\n\n\n\n<p>\u2014 Janusz Kowalski &#x1f1f5;&#x1f1f1; (@JKowalski_posel) April 30, 2026<br>Maj\u0105tek i oszcz\u0119dno\u015bci Janusza Kowalskiego<br>Analiza o\u015bwiadcze\u0144 maj\u0105tkowych Janusza Kowalskiego pokazuje wyra\u017any wzrost zgromadzonych oszcz\u0119dno\u015bci w ostatnich latach. \u015arodki finansowe, kt\u00f3re wcze\u015bniej wynosi\u0142y 26,6 tys. z\u0142, zwi\u0119kszy\u0142y si\u0119 do oko\u0142o 41 tys. z\u0142. Do tego dochodz\u0105 papiery warto\u015bciowe kilku sp\u00f3\u0142ek o \u0142\u0105cznej warto\u015bci ponad 12 tys. z\u0142, kt\u00f3rych wcze\u015bniej polityk nie posiada\u0142.<\/p>\n\n\n\n<p>Istotnym elementem jego maj\u0105tku s\u0105 r\u00f3wnie\u017c \u015brodki odk\u0142adane w ramach system\u00f3w emerytalnych. Na Indywidualnym Koncie Zabezpieczenia Emerytalnego zgromadzi\u0142 ponad 27 tys. z\u0142, natomiast na Indywidualnym Koncie Emerytalnym ponad 3 tys. z\u0142. Dodatkowo w Otwartym Funduszu Emerytalnym widnieje kwota przekraczaj\u0105ca 82 tys. z\u0142, a w Pracowniczych Planach Kapita\u0142owych ponad 12 tys. z\u0142.<\/p>\n\n\n\n<p>W\u015br\u00f3d nieruchomo\u015bci Janusz Kowalski deklaruje mieszkanie o powierzchni 86,40 m\u00b2 wraz z dodatkowymi pomieszczeniami i udzia\u0142em w cz\u0119\u015bci wsp\u00f3lnej budynku. Jego warto\u015b\u0107 zosta\u0142a oszacowana na oko\u0142o 860 tys. z\u0142, a w\u0142asno\u015b\u0107 ma charakter ma\u0142\u017ce\u0144ski. Opr\u00f3cz tego posiada udzia\u0142y w nieruchomo\u015bciach gruntowych zwi\u0105zanych z miejscami parkingowymi i drog\u0105 dojazdow\u0105, kt\u00f3rych \u0142\u0105czna warto\u015b\u0107 wynosi oko\u0142o 22 tys. z\u0142. W maj\u0105tku ruchomym znajduje si\u0119 tak\u017ce samoch\u00f3d Honda CR-V z 2016 roku, wyceniony na oko\u0142o 70 tys. z\u0142.<\/p>\n\n\n\n<p>Dochody i kredyt hipoteczny pos\u0142a PiS<br>W ostatnim roku rozliczeniowym Janusz Kowalski uzyskiwa\u0142 dochody z kilku \u017ar\u00f3de\u0142 zwi\u0105zanych z pe\u0142nionymi funkcjami publicznymi. Jako sekretarz stanu w Ministerstwie Rolnictwa i Rozwoju Wsi otrzyma\u0142 ponad 66 tys. z\u0142 wynagrodzenia. Dodatkowo jego dieta parlamentarna wynios\u0142a ponad 41 tys. z\u0142, a uposa\u017cenie poselskie przekroczy\u0142o 145 tys. z\u0142.<\/p>\n\n\n\n<p>Po stronie zobowi\u0105za\u0144 finansowych polityk wskazuje kredyt hipoteczny zwi\u0105zany z mieszkaniem. Na koniec 2024 roku do sp\u0142aty pozostawa\u0142o mu blisko 493 tys. z\u0142, co stanowi istotny element jego sytuacji finansowej i wp\u0142ywa na og\u00f3lny bilans maj\u0105tkowy.<\/p>\n\n\n\n<p>Bior\u0105c pod uwag\u0119 zgromadzone oszcz\u0119dno\u015bci, nieruchomo\u015bci, \u015brodki emerytalne oraz zobowi\u0105zania kredytowe, mo\u017cna m\u00f3wi\u0107 o maj\u0105tku opartym g\u0142\u00f3wnie na aktywach mieszkaniowych i systematycznie budowanych oszcz\u0119dno\u015bciach. Ca\u0142o\u015bciowy obraz finans\u00f3w Janusza Kowalskiego wskazuje na stabiln\u0105, cho\u0107 obci\u0105\u017con\u0105 kredytem sytuacj\u0119 maj\u0105tkow\u0105, kt\u00f3rej \u0142\u0105czna warto\u015b\u0107 netto \u2013 w przybli\u017ceniu \u2013 mo\u017ce oscylowa\u0107 wok\u00f3\u0142 poziomu kilkuset tysi\u0119cy z\u0142otych.<\/p>\n\n\n\n<p>KONIECZNIE OBEJRZYJ. POWA\u017bNE ZAGRO\u017bENIE DLA POLSKI. ZNANY STRATEG BIJE NA ALARM<\/p>\n","protected":false},"excerpt":{"rendered":"<p>Janusz Kowalski odszed\u0142 z klubu parlamentarnego Prawa i Sprawiedliwo\u015bci i zosta\u0142 pos\u0142em niezrzeszonym. Decyzja zosta\u0142a potwierdzona przez rzecznika PiS Rafa\u0142a Bochenka, ale jej przyczyny nie zosta\u0142y ujawnione. Sprawdzili\u015bmy jego najnowsze o\u015bwiadczenie maj\u0105tkowe i ujawnione dane finansowe polityka. Odej\u015bcie Janusza Kowalskiego z klubu PiSZmiany w klubie parlamentarnym PiS nast\u0119puj\u0105 w kr\u00f3tkim odst\u0119pie czasu, co nadaje sprawie &#8230; <a title=\"Tyle wynosi maj\u0105tek Janusza Kowalskiego. Ustalono przybli\u017con\u0105 kwot\u0119\" class=\"read-more\" href=\"https:\/\/dobrezrodla.com\/?p=23903\" aria-label=\"Read more about Tyle wynosi maj\u0105tek Janusza Kowalskiego. Ustalono przybli\u017con\u0105 kwot\u0119\">Read more<\/a><\/p>\n","protected":false},"author":1,"featured_media":0,"comment_status":"open","ping_status":"open","sticky":false,"template":"","format":"standard","meta":{"footnotes":""},"categories":[1],"tags":[],"class_list":["post-23903","post","type-post","status-publish","format-standard","hentry","category-uncategorized"],"_links":{"self":[{"href":"https:\/\/dobrezrodla.com\/index.php?rest_route=\/wp\/v2\/posts\/23903","targetHints":{"allow":["GET"]}}],"collection":[{"href":"https:\/\/dobrezrodla.com\/index.php?rest_route=\/wp\/v2\/posts"}],"about":[{"href":"https:\/\/dobrezrodla.com\/index.php?rest_route=\/wp\/v2\/types\/post"}],"author":[{"embeddable":true,"href":"https:\/\/dobrezrodla.com\/index.php?rest_route=\/wp\/v2\/users\/1"}],"replies":[{"embeddable":true,"href":"https:\/\/dobrezrodla.com\/index.php?rest_route=%2Fwp%2Fv2%2Fcomments&post=23903"}],"version-history":[{"count":1,"href":"https:\/\/dobrezrodla.com\/index.php?rest_route=\/wp\/v2\/posts\/23903\/revisions"}],"predecessor-version":[{"id":23904,"href":"https:\/\/dobrezrodla.com\/index.php?rest_route=\/wp\/v2\/posts\/23903\/revisions\/23904"}],"wp:attachment":[{"href":"https:\/\/dobrezrodla.com\/index.php?rest_route=%2Fwp%2Fv2%2Fmedia&parent=23903"}],"wp:term":[{"taxonomy":"category","embeddable":true,"href":"https:\/\/dobrezrodla.com\/index.php?rest_route=%2Fwp%2Fv2%2Fcategories&post=23903"},{"taxonomy":"post_tag","embeddable":true,"href":"https:\/\/dobrezrodla.com\/index.php?rest_route=%2Fwp%2Fv2%2Ftags&post=23903"}],"curies":[{"name":"wp","href":"https:\/\/api.w.org\/{rel}","templated":true}]}}