{"id":23969,"date":"2026-05-01T18:51:54","date_gmt":"2026-05-01T18:51:54","guid":{"rendered":"https:\/\/dobrezrodla.com\/?p=23969"},"modified":"2026-05-01T18:51:54","modified_gmt":"2026-05-01T18:51:54","slug":"czy-w-obliczu-wladimira-putina-mozemy-spodziewac-sie-dlugiej-wojny-z-zachodem-2","status":"publish","type":"post","link":"https:\/\/dobrezrodla.com\/?p=23969","title":{"rendered":"Czy w obliczu W\u0142adimira Putina mo\u017cemy spodziewa\u0107 si\u0119 \u201ed\u0142ugiej\u201d wojny z Zachodem?"},"content":{"rendered":"\n<p>Gdy armia rosyjska rozpocz\u0119\u0142a wielk\u0105 ofensyw\u0119 w p\u00f3\u0142nocno-wschodniej Ukrainie, W\u0142adimir Putin zast\u0105pi\u0142 ministra obrony ekonomist\u0105.<\/p>\n\n\n\n<p>Wielu ekspert\u00f3w postrzega to jako sygna\u0142, \u017ce Kreml przygotowuje si\u0119 do \u201ed\u0142ugiej\u201d wojny.<\/p>\n\n\n\n<p>Moment wydaje si\u0119 na pierwszy rzut oka zaskakuj\u0105cy.<\/p>\n\n\n\n<p>W\u0142a\u015bnie gdy Rosja rozpocz\u0119\u0142a&nbsp;now\u0105 ofensyw\u0119 na ukrai\u0144ski Chark\u00f3w&nbsp;, rekonstrukcja rz\u0105du zaaran\u017cowana w niedziel\u0119 12 maja przez&nbsp;W\u0142adimira Putina&nbsp;\u2013 rzadkie zjawisko na Kremlu \u2013&nbsp;zaskoczy\u0142a wielu ekspert\u00f3w&nbsp;.<\/p>\n\n\n\n<p>Nieca\u0142y tydzie\u0144 po reinauguracji rosyjski prezydent zdecydowa\u0142 si\u0119&nbsp;zast\u0105pi\u0107 ministra obrony Siergieja Szojgu&nbsp;, kt\u00f3ry piastowa\u0142 to stanowisko przez 12 lat, nowym sekretarzem Rady Bezpiecze\u0144stwa Federacji Rosyjskiej. Zast\u0105pi\u0142 go&nbsp;Andriej Bie\u0142ousow, ekonomista z wykszta\u0142cenia, bez do\u015bwiadczenia wojskowego&nbsp;.<\/p>\n\n\n\n<p>Pod koniec 2022 roku wydawa\u0142o si\u0119, \u017ce ze wzgl\u0119du na s\u0142ab\u0105 skuteczno\u015b\u0107 militarn\u0105 Rosji, niezwyk\u0142y op\u00f3r Ukrainy i&nbsp;siln\u0105 mobilizacj\u0119 mocarstw zachodnich po stronie Kijowa&nbsp;, wojna na Ukrainie mo\u017ce zako\u0144czy\u0107 si\u0119 fiaskiem dla Rosji. Od tego czasu si\u0142y zbrojne tego kraju odzyska\u0142y spok\u00f3j. Wr\u00f3ci\u0142y do \u200b\u200bofensywy, rozpoczynaj\u0105c najwi\u0119ksz\u0105 ofensyw\u0119 od czasu pr\u00f3by zdobycia Kijowa w marcu 2022 roku.<\/p>\n\n\n\n<p>Wed\u0142ug naszych koleg\u00f3w z&nbsp;Grand Continent,&nbsp;Andriej Bie\u0142ousow jest jednym z g\u0142\u00f3wnych architekt\u00f3w wsp\u00f3\u0142czesnej rosyjskiej doktryny ekonomicznej. Pomimo braku do\u015bwiadczenia wojskowego,&nbsp;ten technokrata jest zaanga\u017cowany w szereg projekt\u00f3w przemys\u0142u obronnego&nbsp;. Znany jest z promowania optymalizacji innowacji technologicznych i produkcji w przemy\u015ble zbrojeniowym. Wed\u0142ug naszych koleg\u00f3w, \u201e&nbsp;jednym z zada\u0144 Bie\u0142ousowa b\u0119dzie rozwi\u0105zywanie spor\u00f3w mi\u0119dzy wojskiem a przemys\u0142em w celu zapewnienia ci\u0105g\u0142o\u015bci dostaw dla si\u0142 zbrojnych i transformacji gospodarki&nbsp;\u201d.<\/p>\n\n\n\n<p>\u201eUporz\u0105dkowa\u0107 sytuacj\u0119 finansow\u0105\u201d Ministerstwa Obrony Rosji<\/p>\n\n\n\n<p>Dla wielu ekspert\u00f3w wyb\u00f3r Andrieja Bie\u0142ousowa sugeruje, \u017ce Kreml przygotowuje si\u0119 do d\u0142ugotrwa\u0142ej wojny na Ukrainie.&nbsp;W sytuacji, gdy jedna trzecia bud\u017cetu kraju jest obecnie przeznaczana na wysi\u0142ek wojenny&nbsp;, W\u0142adimir Putin podobno chce \u201e&nbsp;uporz\u0105dkowa\u0107 finanse ministerstwa\u201d,&nbsp;jak twierdzi konsultant polityczny Jewgienij Minczenko w artykule dla&nbsp;\u201eKommiersanta\u201d&nbsp;. \u201e&nbsp;Kreml nie potrzebuje wojskowego ani by\u0142ego urz\u0119dnika Ministerstwa Obrony. Potrzebuje kogo\u015b, kto rozumie ekonomi\u0119 i wie, jak prowadzi\u0107 t\u0119 nowoczesn\u0105 wojn\u0119, jak gromadzi\u0107 nowe zasoby i szybko je redystrybuowa\u0107&nbsp;\u201d \u2013 wyja\u015bnia politolog Aleksandra Filippenko w wywiadzie dla&nbsp;France 24&nbsp;.<\/p>\n\n\n\n<p>\u201e&nbsp;Przekonany, \u017ce czas dzia\u0142a na jego korzy\u015b\u0107, Kreml liczy na zm\u0119czenie zar\u00f3wno Ukrai\u0144c\u00f3w, jak i Zachodu&nbsp;\u201d \u2013 m\u00f3wi Anne de Tinguy, specjalistka ds. Rosji, w wywiadzie dla Centrum Studi\u00f3w Mi\u0119dzynarodowych przy Sciences Po.&nbsp;\u201e&nbsp;Sugeruje to, \u017ce Putin planuje wojn\u0119 na d\u0142u\u017csz\u0105 met\u0119&nbsp;. Wojn\u0119 nie tylko z Ukrain\u0105, ale tak\u017ce z Zachodem jako ca\u0142o\u015bci\u0105, wojn\u0119 z NATO\u201d \u2013&nbsp;dodaje O\u0142eksandr \u0141ytwynenko, sekretarz Rady Bezpiecze\u0144stwa Ukrainy, w wywiadzie dla agencji AFP.<\/p>\n","protected":false},"excerpt":{"rendered":"<p>Gdy armia rosyjska rozpocz\u0119\u0142a wielk\u0105 ofensyw\u0119 w p\u00f3\u0142nocno-wschodniej Ukrainie, W\u0142adimir Putin zast\u0105pi\u0142 ministra obrony ekonomist\u0105. Wielu ekspert\u00f3w postrzega to jako sygna\u0142, \u017ce Kreml przygotowuje si\u0119 do \u201ed\u0142ugiej\u201d wojny. Moment wydaje si\u0119 na pierwszy rzut oka zaskakuj\u0105cy. W\u0142a\u015bnie gdy Rosja rozpocz\u0119\u0142a&nbsp;now\u0105 ofensyw\u0119 na ukrai\u0144ski Chark\u00f3w&nbsp;, rekonstrukcja rz\u0105du zaaran\u017cowana w niedziel\u0119 12 maja przez&nbsp;W\u0142adimira Putina&nbsp;\u2013 rzadkie zjawisko &#8230; <a title=\"Czy w obliczu W\u0142adimira Putina mo\u017cemy spodziewa\u0107 si\u0119 \u201ed\u0142ugiej\u201d wojny z Zachodem?\" class=\"read-more\" href=\"https:\/\/dobrezrodla.com\/?p=23969\" aria-label=\"Read more about Czy w obliczu W\u0142adimira Putina mo\u017cemy spodziewa\u0107 si\u0119 \u201ed\u0142ugiej\u201d wojny z Zachodem?\">Read more<\/a><\/p>\n","protected":false},"author":1,"featured_media":0,"comment_status":"open","ping_status":"open","sticky":false,"template":"","format":"standard","meta":{"footnotes":""},"categories":[1],"tags":[],"class_list":["post-23969","post","type-post","status-publish","format-standard","hentry","category-uncategorized"],"_links":{"self":[{"href":"https:\/\/dobrezrodla.com\/index.php?rest_route=\/wp\/v2\/posts\/23969","targetHints":{"allow":["GET"]}}],"collection":[{"href":"https:\/\/dobrezrodla.com\/index.php?rest_route=\/wp\/v2\/posts"}],"about":[{"href":"https:\/\/dobrezrodla.com\/index.php?rest_route=\/wp\/v2\/types\/post"}],"author":[{"embeddable":true,"href":"https:\/\/dobrezrodla.com\/index.php?rest_route=\/wp\/v2\/users\/1"}],"replies":[{"embeddable":true,"href":"https:\/\/dobrezrodla.com\/index.php?rest_route=%2Fwp%2Fv2%2Fcomments&post=23969"}],"version-history":[{"count":1,"href":"https:\/\/dobrezrodla.com\/index.php?rest_route=\/wp\/v2\/posts\/23969\/revisions"}],"predecessor-version":[{"id":23970,"href":"https:\/\/dobrezrodla.com\/index.php?rest_route=\/wp\/v2\/posts\/23969\/revisions\/23970"}],"wp:attachment":[{"href":"https:\/\/dobrezrodla.com\/index.php?rest_route=%2Fwp%2Fv2%2Fmedia&parent=23969"}],"wp:term":[{"taxonomy":"category","embeddable":true,"href":"https:\/\/dobrezrodla.com\/index.php?rest_route=%2Fwp%2Fv2%2Fcategories&post=23969"},{"taxonomy":"post_tag","embeddable":true,"href":"https:\/\/dobrezrodla.com\/index.php?rest_route=%2Fwp%2Fv2%2Ftags&post=23969"}],"curies":[{"name":"wp","href":"https:\/\/api.w.org\/{rel}","templated":true}]}}