{"id":23971,"date":"2026-05-01T19:03:29","date_gmt":"2026-05-01T19:03:29","guid":{"rendered":"https:\/\/dobrezrodla.com\/?p=23971"},"modified":"2026-05-01T19:03:29","modified_gmt":"2026-05-01T19:03:29","slug":"karol-nawrocki-wspomnial-o-lukaszu-litewce-mial-na-niego-plan","status":"publish","type":"post","link":"https:\/\/dobrezrodla.com\/?p=23971","title":{"rendered":"Karol Nawrocki wspomnia\u0142 o \u0141ukaszu Litewce. Mia\u0142 na niego plan"},"content":{"rendered":"\n<p>Prezydent Karol Nawrocki ujawni\u0142, \u017ce planowa\u0142 wsp\u00f3\u0142prac\u0119 z \u0141ukaszem Litewk\u0105 i chcia\u0142 zaprosi\u0107 go do swojej rady. Jak stwierdzi\u0142, inicjatywa nie dosz\u0142a do skutku przez \u201epragmatyk\u0119 partyjn\u0105\u201d. S\u0142owa te pad\u0142y w kontek\u015bcie tragicznej \u015bmierci 36-letniego pos\u0142a Lewicy, kt\u00f3ry zgin\u0105\u0142 w wypadku drogowym w D\u0105browie G\u00f3rniczej.<\/p>\n\n\n\n<p>Relacja Karola Nawrockiego i \u0141ukasza Litewki ponad podzia\u0142ami<br>Wspominaj\u0105c zmar\u0142ego pos\u0142a, Karol Nawrocki zwr\u00f3ci\u0142 uwag\u0119 na jego spos\u00f3b dzia\u0142ania i podej\u015bcie do spraw publicznych. Jak podkre\u015bli\u0142, Litewka wyr\u00f3\u017cnia\u0142 si\u0119 tym, \u017ce w swojej aktywno\u015bci koncentrowa\u0142 si\u0119 przede wszystkim na efektach, a nie na politycznych barwach czy przynale\u017cno\u015bci partyjnej. Prezydent zasugerowa\u0142 przy tym, \u017ce sam identyfikuje si\u0119 z takim podej\u015bciem, wskazuj\u0105c na podobie\u0144stwo w sposobie patrzenia na dzia\u0142alno\u015b\u0107 publiczn\u0105.<\/p>\n\n\n\n<p>Z wypowiedzi g\u0142owy pa\u0144stwa wy\u0142ania si\u0119 obraz polityka, kt\u00f3ry mimo formalnych ogranicze\u0144 stara\u0142 si\u0119 budowa\u0107 porozumienie ponad podzia\u0142ami. Nawrocki zaznaczy\u0142, \u017ce Litewka podejmowa\u0142 pr\u00f3by kontaktu, nawet w sytuacji, gdy \u2013 jak twierdzi\u0142 prezydent \u2013 mia\u0142 otrzymywa\u0107 sygna\u0142y, by takich relacji unika\u0107.<\/p>\n\n\n\n<p>Karol Nawrocki wspomnia\u0142 o \u0141ukaszu Litewce. Mia\u0142 na niego plan<br>Karol Nawrocki, fot. East News<br>Plan wsp\u00f3\u0142pracy Nawrockiego z Litewk\u0105 i kulisy decyzji<br>Dopiero w dalszej cz\u0119\u015bci swojej wypowiedzi prezydent ujawni\u0142 konkretne zamiary wobec \u0141ukasza Litewki. Jak wyja\u015bni\u0142 w rozmowie z dziennikarzem wPolsce24, rozwa\u017ca\u0142 w\u0142\u0105czenie go do struktur doradczych przy g\u0142owie pa\u0144stwa.<\/p>\n\n\n\n<p>\u2013 Chcia\u0142em zaprosi\u0107 go do swojej rady, bo wiedzia\u0142am, \u017ce to jest cz\u0142owiek, kt\u00f3ry po prostu robi dobro. Wsparcie Pa\u0142acu Prezydenckiego mog\u0142oby by\u0107 dla niego korzystne, co sam rozumia\u0142, ale pragmatyka partyjna to wyklucza. [\u2026] To jest z\u0142o polityczne, z kt\u00f3rym \u0141ukasz Litewka czy ja si\u0119 nie zgadzamy \u2013 powiedzia\u0142 Karol Nawrocki w rozmowie na antenie wPolsce24.<\/p>\n\n\n\n<p>Z tej deklaracji wynika, \u017ce inicjatywa by\u0142a powa\u017cna i przemy\u015blana. Prezydent wskaza\u0142 jednocze\u015bnie na przeszkody, kt\u00f3re uniemo\u017cliwi\u0142y jej realizacj\u0119. Wed\u0142ug jego s\u0142\u00f3w kluczow\u0105 rol\u0119 odegra\u0142y uwarunkowania wynikaj\u0105ce z bie\u017c\u0105cej polityki i napi\u0119\u0107 mi\u0119dzy ugrupowaniami. W praktyce oznacza\u0142o to, \u017ce mimo ch\u0119ci obu stron, wsp\u00f3\u0142praca nie mog\u0142a doj\u015b\u0107 do skutku.<\/p>\n\n\n\n<p>\u015amier\u0107 \u0141ukasza Litewki i przebieg uroczysto\u015bci pogrzebowych<br>\u0141ukasz Litewka zgin\u0105\u0142 w ubieg\u0142y czwartek w D\u0105browie G\u00f3rniczej. 36-letni pose\u0142 Lewicy zosta\u0142 potr\u0105cony przez samoch\u00f3d, gdy porusza\u0142 si\u0119 rowerem ulic\u0105 Kazimierzowsk\u0105. Informacja o jego \u015bmierci szybko rozesz\u0142a si\u0119 w ca\u0142ym kraju, wywo\u0142uj\u0105c fal\u0119 reakcji zar\u00f3wno w\u015br\u00f3d polityk\u00f3w, jak i os\u00f3b, kt\u00f3rym pomaga\u0142 w swojej dzia\u0142alno\u015bci spo\u0142ecznej.<\/p>\n\n\n\n<p>Litewka by\u0142 znany przede wszystkim z aktywno\u015bci charytatywnej. Prowadzona przez niego fundacja TeamLitewka anga\u017cowa\u0142a si\u0119 w liczne inicjatywy pomocowe \u2013 od zbi\u00f3rek na leczenie dzieci, przez wsparcie dla os\u00f3b poszkodowanych w wypadkach, a\u017c po dzia\u0142ania na rzecz zwierz\u0105t. Wiele z tych akcji by\u0142o nag\u0142a\u015bnianych w mediach spo\u0142eczno\u015bciowych i spotyka\u0142o si\u0119 z du\u017cym odzewem.<\/p>\n\n\n\n<p>Uroczysto\u015bci pogrzebowe odby\u0142y si\u0119 w \u015brod\u0119 w Sosnowcu i zosta\u0142y zorganizowane przez Kancelari\u0119 Sejmu. W ceremonii uczestniczyli najwa\u017cniejsi przedstawiciele \u017cycia publicznego, w tym prezydent wraz z ma\u0142\u017conk\u0105 Mart\u0105 Nawrock\u0105, marsza\u0142ek Sejmu W\u0142odzimierz Czarzasty, premier Donald Tusk oraz liczni parlamentarzy\u015bci. Msza \u017ca\u0142obna zosta\u0142a odprawiona w ko\u015bciele parafii \u015bw. Joachima, a wok\u00f3\u0142 \u015bwi\u0105tyni zgromadzi\u0142y si\u0119 t\u0142umy mieszka\u0144c\u00f3w.<\/p>\n\n\n\n<p>Szczeg\u00f3lnie poruszaj\u0105cy moment nast\u0105pi\u0142 podczas wnoszenia trumny do ko\u015bcio\u0142a, kiedy zgromadzeni zacz\u0119li bi\u0107 brawo, oddaj\u0105c w ten spos\u00f3b ho\u0142d zmar\u0142emu. W trakcie uroczysto\u015bci prezydent przekaza\u0142 ojcu pos\u0142a, Zdzis\u0142awowi Litewce, przyznany po\u015bmiertnie Krzy\u017c Oficerski Orderu Odrodzenia Polski, co stanowi\u0142o symboliczne uhonorowanie jego dzia\u0142alno\u015bci i zaanga\u017cowania spo\u0142ecznego.<\/p>\n\n\n\n<p>KONIECZNIE OBEJRZYJ. POWA\u017bNE ZAGRO\u017bENIE DLA POLSKI. ZNANY STRATEG BIJE NA ALARM<\/p>\n","protected":false},"excerpt":{"rendered":"<p>Prezydent Karol Nawrocki ujawni\u0142, \u017ce planowa\u0142 wsp\u00f3\u0142prac\u0119 z \u0141ukaszem Litewk\u0105 i chcia\u0142 zaprosi\u0107 go do swojej rady. Jak stwierdzi\u0142, inicjatywa nie dosz\u0142a do skutku przez \u201epragmatyk\u0119 partyjn\u0105\u201d. S\u0142owa te pad\u0142y w kontek\u015bcie tragicznej \u015bmierci 36-letniego pos\u0142a Lewicy, kt\u00f3ry zgin\u0105\u0142 w wypadku drogowym w D\u0105browie G\u00f3rniczej. Relacja Karola Nawrockiego i \u0141ukasza Litewki ponad podzia\u0142amiWspominaj\u0105c zmar\u0142ego pos\u0142a, &#8230; <a title=\"Karol Nawrocki wspomnia\u0142 o \u0141ukaszu Litewce. Mia\u0142 na niego plan\" class=\"read-more\" href=\"https:\/\/dobrezrodla.com\/?p=23971\" aria-label=\"Read more about Karol Nawrocki wspomnia\u0142 o \u0141ukaszu Litewce. Mia\u0142 na niego plan\">Read more<\/a><\/p>\n","protected":false},"author":1,"featured_media":0,"comment_status":"open","ping_status":"open","sticky":false,"template":"","format":"standard","meta":{"footnotes":""},"categories":[1],"tags":[],"class_list":["post-23971","post","type-post","status-publish","format-standard","hentry","category-uncategorized"],"_links":{"self":[{"href":"https:\/\/dobrezrodla.com\/index.php?rest_route=\/wp\/v2\/posts\/23971","targetHints":{"allow":["GET"]}}],"collection":[{"href":"https:\/\/dobrezrodla.com\/index.php?rest_route=\/wp\/v2\/posts"}],"about":[{"href":"https:\/\/dobrezrodla.com\/index.php?rest_route=\/wp\/v2\/types\/post"}],"author":[{"embeddable":true,"href":"https:\/\/dobrezrodla.com\/index.php?rest_route=\/wp\/v2\/users\/1"}],"replies":[{"embeddable":true,"href":"https:\/\/dobrezrodla.com\/index.php?rest_route=%2Fwp%2Fv2%2Fcomments&post=23971"}],"version-history":[{"count":1,"href":"https:\/\/dobrezrodla.com\/index.php?rest_route=\/wp\/v2\/posts\/23971\/revisions"}],"predecessor-version":[{"id":23972,"href":"https:\/\/dobrezrodla.com\/index.php?rest_route=\/wp\/v2\/posts\/23971\/revisions\/23972"}],"wp:attachment":[{"href":"https:\/\/dobrezrodla.com\/index.php?rest_route=%2Fwp%2Fv2%2Fmedia&parent=23971"}],"wp:term":[{"taxonomy":"category","embeddable":true,"href":"https:\/\/dobrezrodla.com\/index.php?rest_route=%2Fwp%2Fv2%2Fcategories&post=23971"},{"taxonomy":"post_tag","embeddable":true,"href":"https:\/\/dobrezrodla.com\/index.php?rest_route=%2Fwp%2Fv2%2Ftags&post=23971"}],"curies":[{"name":"wp","href":"https:\/\/api.w.org\/{rel}","templated":true}]}}