{"id":23977,"date":"2026-05-01T19:06:11","date_gmt":"2026-05-01T19:06:11","guid":{"rendered":"https:\/\/dobrezrodla.com\/?p=23977"},"modified":"2026-05-01T19:06:11","modified_gmt":"2026-05-01T19:06:11","slug":"prezydent-uruchamia-rade-ds-nowej-konstytucji-wydano-wazny-komunikat","status":"publish","type":"post","link":"https:\/\/dobrezrodla.com\/?p=23977","title":{"rendered":"Prezydent uruchamia rad\u0119 ds. nowej Konstytucji. Wydano wa\u017cny komunikat"},"content":{"rendered":"\n<p>Jak poinformowa\u0142 rzecznik prezydenta Rafa\u0142 Le\u015bkiewicz na antenie Polsat News, prezydent Karol Nawrocki powo\u0142a 3 maja Rad\u0119 ds. nowej konstytucji. Nowe gremium, z\u0142o\u017cone z przedstawicieli wszystkich si\u0142 parlamentarnych oraz ekspert\u00f3w, ma wypracowa\u0107 projekt nowej ustawy zasadniczej, kt\u00f3ry wed\u0142ug zapowiedzi ma by\u0107 gotowy do 2030 roku.<\/p>\n\n\n\n<p>Sk\u0142ad nowej rady i zaproszenia dla parlamentarzyst\u00f3w<br>Rzecznik prezydenta Rafa\u0142 Le\u015bkiewicz przekaza\u0142 w programie \u201eGraffiti&#8221;, \u017ce do przedstawicieli klub\u00f3w i k\u00f3\u0142 poselskich trafi\u0142y ju\u017c oficjalne zaproszenia do prac w radzie. Formu\u0142a gremium zak\u0142ada szerok\u0105 reprezentacj\u0119 sceny politycznej oraz udzia\u0142 czynnika eksperckiego i spo\u0142ecznego.<\/p>\n\n\n\n<p>\u201eProponujemy, aby ka\u017cdy klub wyznaczy\u0142 dw\u00f3ch przedstawicieli, ka\u017cde ko\u0142o po jednym przedstawicielu. Do\u0142\u0105czymy tak\u017ce zesp\u00f3\u0142 ekspert\u00f3w i ta rada b\u0119dzie pracowa\u0142a nad projektem nowej konstytucji&#8221; \u2013 poinformowa\u0142 Le\u015bkiewicz.<\/p>\n\n\n\n<p>Rzecznik zaznaczy\u0142, \u017ce w sk\u0142ad organu wejd\u0105 r\u00f3wnie\u017c osoby o r\u00f3\u017cnej wra\u017cliwo\u015bci i pogl\u0105dach na prawo. Taki dob\u00f3r cz\u0142onk\u00f3w ma s\u0142u\u017cy\u0107 wypracowaniu rozwi\u0105za\u0144, kt\u00f3re zyskaj\u0105 szerok\u0105 akceptacj\u0119 zar\u00f3wno w toku prac legislacyjnych, jak i w planowanym og\u00f3lnokrajowym referendum.<\/p>\n\n\n\n<p>Harmonogram prac i data graniczna projektu<br>Proces tworzenia nowej ustawy zasadniczej ma zosta\u0107 roz\u0142o\u017cony na kilka lat, a jego fina\u0142 przewidziano na koniec obecnej kadencji prezydenta. Karol Nawrocki ju\u017c wcze\u015bniej kre\u015bli\u0142 ambitny plan zmian ustrojowych, wskazuj\u0105c na konieczno\u015b\u0107 g\u0142\u0119bokiej reformy pa\u0144stwa.<\/p>\n\n\n\n<p>Rafa\u0142 Le\u015bkiewicz potwierdzi\u0142, \u017ce termin 2030 roku jest wi\u0105\u017c\u0105cy dla Pa\u0142acu Prezydenckiego.<\/p>\n\n\n\n<p>\u201eT\u0105 dat\u0105 graniczn\u0105 jest up\u0142yw kadencji prezydenta Karola Nawrockiego. Pami\u0119tamy, jak wiele lat trwa\u0142o przygotowanie pierwszej konstytucji, tej konstytucji z 1997 roku, wi\u0119c mamy \u015bwiadomo\u015b\u0107 tego, \u017ce te prace b\u0119d\u0105 trwa\u0142y d\u0142ugo&#8221; \u2013 wyja\u015bni\u0142 rzecznik na antenie Polsat News.<\/p>\n\n\n\n<p>Merytoryczny charakter prac i poszukiwanie konsensusu<br>Przedstawiciele Kancelarii Prezydenta podkre\u015blaj\u0105, \u017ce dzia\u0142alno\u015b\u0107 rady nie b\u0119dzie mia\u0142a charakteru jedynie symbolicznego, lecz skupi si\u0119 na konkretnych rozwi\u0105zaniach prawnych. Wed\u0142ug zapewnie\u0144 rzecznika, prezydentowi zale\u017cy na realnej dyskusji o naprawie ustroju, a nie na pozorowanych dzia\u0142aniach.<\/p>\n\n\n\n<p>\u201eTo nie b\u0119d\u0105 spotkania przy kawie i ciasteczkach, a konkretna merytoryczna praca. Konstytucja jest oczywi\u015bcie najwa\u017cniejszym aktem, ustaw\u0105 zasadnicz\u0105, ale musi by\u0107 wypracowana w ramach pewnego konsensusu politycznego&#8221; \u2013 podkre\u015bli\u0142 Le\u015bkiewicz.<\/p>\n\n\n\n<p>Urz\u0119dnicy przyznaj\u0105, \u017ce osi\u0105gni\u0119cie porozumienia mi\u0119dzy sk\u0142\u00f3conymi obozami politycznymi b\u0119dzie trudne, jednak powo\u0142anie rady uwa\u017caj\u0105 za niezb\u0119dny krok w stron\u0119 stabilizacji polskiego systemu prawnego.<\/p>\n\n\n\n<p>Wypracowany dokument ma by\u0107 nast\u0119pnie poddany debacie publicznej i parlamentarnej zgodnie z obowi\u0105zuj\u0105cymi procedurami.<\/p>\n\n\n\n<p>Wzmocnienie roli g\u0142owy pa\u0144stwa i system prezydencki<br>Jednym z kluczowych kierunk\u00f3w, jakie mo\u017ce podj\u0105\u0107 rada, jest zmiana modelu sprawowania w\u0142adzy w Polsce. Prezydent Karol Nawrocki wielokrotnie sugerowa\u0142, \u017ce obecny podzia\u0142 kompetencji mi\u0119dzy rz\u0105dem a g\u0142ow\u0105 pa\u0144stwa bywa \u017ar\u00f3d\u0142em spor\u00f3w.<\/p>\n\n\n\n<p>\u201eW ostatnich latach w Polsce wielokrotnie by\u0142 sp\u00f3r o konstytucj\u0119. Prezydent wskaza\u0142, \u017ce to jest w tej chwili dobry czas, \u017ceby rozpocz\u0105\u0107 prac\u0119 nad now\u0105 konstytucj\u0105, \u017ceby ponad podzia\u0142ami politycznymi spr\u00f3bowa\u0107 j\u0105 przygotowa\u0107. Wzmocnienie roli prezydenta jest r\u00f3wnie\u017c wa\u017cne&#8221; \u2013 oceni\u0142 szef gabinetu prezydenta Pawe\u0142 Szefernaker.<\/p>\n\n\n\n<p>Sam Karol Nawrocki doprecyzowa\u0142 swoje stanowisko w po\u0142owie kwietnia podczas wyst\u0105pienia w Kanale Zero, deklaruj\u0105c:<\/p>\n\n\n\n<p>\u201eJestem zwolennikiem systemu prezydenckiego, ale nie upieram si\u0119&#8221;.<\/p>\n\n\n\n<p>Wypracowanie ostatecznego kszta\u0142tu tych propozycji ma by\u0107 g\u0142\u00f3wnym zadaniem powo\u0142ywanego 3 maja gremium.<\/p>\n","protected":false},"excerpt":{"rendered":"<p>Jak poinformowa\u0142 rzecznik prezydenta Rafa\u0142 Le\u015bkiewicz na antenie Polsat News, prezydent Karol Nawrocki powo\u0142a 3 maja Rad\u0119 ds. nowej konstytucji. Nowe gremium, z\u0142o\u017cone z przedstawicieli wszystkich si\u0142 parlamentarnych oraz ekspert\u00f3w, ma wypracowa\u0107 projekt nowej ustawy zasadniczej, kt\u00f3ry wed\u0142ug zapowiedzi ma by\u0107 gotowy do 2030 roku. Sk\u0142ad nowej rady i zaproszenia dla parlamentarzyst\u00f3wRzecznik prezydenta Rafa\u0142 Le\u015bkiewicz &#8230; <a title=\"Prezydent uruchamia rad\u0119 ds. nowej Konstytucji. Wydano wa\u017cny komunikat\" class=\"read-more\" href=\"https:\/\/dobrezrodla.com\/?p=23977\" aria-label=\"Read more about Prezydent uruchamia rad\u0119 ds. nowej Konstytucji. Wydano wa\u017cny komunikat\">Read more<\/a><\/p>\n","protected":false},"author":1,"featured_media":0,"comment_status":"open","ping_status":"open","sticky":false,"template":"","format":"standard","meta":{"footnotes":""},"categories":[1],"tags":[],"class_list":["post-23977","post","type-post","status-publish","format-standard","hentry","category-uncategorized"],"_links":{"self":[{"href":"https:\/\/dobrezrodla.com\/index.php?rest_route=\/wp\/v2\/posts\/23977","targetHints":{"allow":["GET"]}}],"collection":[{"href":"https:\/\/dobrezrodla.com\/index.php?rest_route=\/wp\/v2\/posts"}],"about":[{"href":"https:\/\/dobrezrodla.com\/index.php?rest_route=\/wp\/v2\/types\/post"}],"author":[{"embeddable":true,"href":"https:\/\/dobrezrodla.com\/index.php?rest_route=\/wp\/v2\/users\/1"}],"replies":[{"embeddable":true,"href":"https:\/\/dobrezrodla.com\/index.php?rest_route=%2Fwp%2Fv2%2Fcomments&post=23977"}],"version-history":[{"count":1,"href":"https:\/\/dobrezrodla.com\/index.php?rest_route=\/wp\/v2\/posts\/23977\/revisions"}],"predecessor-version":[{"id":23978,"href":"https:\/\/dobrezrodla.com\/index.php?rest_route=\/wp\/v2\/posts\/23977\/revisions\/23978"}],"wp:attachment":[{"href":"https:\/\/dobrezrodla.com\/index.php?rest_route=%2Fwp%2Fv2%2Fmedia&parent=23977"}],"wp:term":[{"taxonomy":"category","embeddable":true,"href":"https:\/\/dobrezrodla.com\/index.php?rest_route=%2Fwp%2Fv2%2Fcategories&post=23977"},{"taxonomy":"post_tag","embeddable":true,"href":"https:\/\/dobrezrodla.com\/index.php?rest_route=%2Fwp%2Fv2%2Ftags&post=23977"}],"curies":[{"name":"wp","href":"https:\/\/api.w.org\/{rel}","templated":true}]}}