{"id":23981,"date":"2026-05-01T19:08:43","date_gmt":"2026-05-01T19:08:43","guid":{"rendered":"https:\/\/dobrezrodla.com\/?p=23981"},"modified":"2026-05-01T19:08:43","modified_gmt":"2026-05-01T19:08:43","slug":"%f0%9f%87%b5%f0%9f%87%b1-debata-o-przywodztwie-w-polsce-nabiera-tempa","status":"publish","type":"post","link":"https:\/\/dobrezrodla.com\/?p=23981","title":{"rendered":"&#x1f1f5;&#x1f1f1; Debata o przyw\u00f3dztwie w Polsce nabiera tempa"},"content":{"rendered":"\n<p>W przestrzeni medialnej pojawi\u0142a si\u0119 grafika przedstawiaj\u0105ca dw\u00f3ch znanych polskich polityk\u00f3w, zestawionych obok siebie z pytaniem:<br><strong>\u201eKto lepiej si\u0119 sprawdza w roli premiera?\u201d<\/strong><\/p>\n\n\n\n<p>Publikacja szybko przyci\u0105gn\u0119\u0142a uwag\u0119 internaut\u00f3w i wywo\u0142a\u0142a szerok\u0105 dyskusj\u0119 w mediach spo\u0142eczno\u015bciowych. Z jednej strony widzimy obecnego premiera przemawiaj\u0105cego publicznie, z drugiej \u2014 do\u015bwiadczonego polityka, kt\u00f3ry r\u00f3wnie\u017c odegra\u0142 znacz\u0105c\u0105 rol\u0119 w polskiej polityce. Pod grafik\u0105 znajduj\u0105 si\u0119 symbole reakcji, zach\u0119caj\u0105ce odbiorc\u00f3w do wyra\u017cenia swojej opinii.<\/p>\n\n\n\n<p>Temat przyw\u00f3dztwa w Polsce od lat budzi du\u017ce emocje. Zwolennicy obecnego rz\u0105du podkre\u015blaj\u0105 stabilno\u015b\u0107, kierunek reform oraz dzia\u0142ania podejmowane na arenie mi\u0119dzynarodowej. Z kolei krytycy wskazuj\u0105 na wyzwania gospodarcze, kwestie spo\u0142eczne oraz potrzeb\u0119 zmian w stylu zarz\u0105dzania pa\u0144stwem.<\/p>\n\n\n\n<p>Eksperci zauwa\u017caj\u0105, \u017ce ocena skuteczno\u015bci premiera zale\u017cy od wielu czynnik\u00f3w \u2014 od sytuacji gospodarczej, przez polityk\u0119 zagraniczn\u0105, a\u017c po relacje z obywatelami. Nie bez znaczenia pozostaje r\u00f3wnie\u017c kontekst mi\u0119dzynarodowy oraz dynamiczne zmiany zachodz\u0105ce w Europie.<\/p>\n\n\n\n<p>Internetowa ankieta pokazuje, jak podzielone s\u0105 opinie spo\u0142eczne. Dla jednych kluczowe s\u0105 konkretne dzia\u0142ania i wyniki, dla innych styl przyw\u00f3dztwa oraz wizja przysz\u0142o\u015bci kraju.<\/p>\n\n\n\n<p>Debata trwa i wszystko wskazuje na to, \u017ce temat ten jeszcze d\u0142ugo b\u0119dzie obecny w polskiej przestrzeni publicznej.<\/p>\n","protected":false},"excerpt":{"rendered":"<p>W przestrzeni medialnej pojawi\u0142a si\u0119 grafika przedstawiaj\u0105ca dw\u00f3ch znanych polskich polityk\u00f3w, zestawionych obok siebie z pytaniem:\u201eKto lepiej si\u0119 sprawdza w roli premiera?\u201d Publikacja szybko przyci\u0105gn\u0119\u0142a uwag\u0119 internaut\u00f3w i wywo\u0142a\u0142a szerok\u0105 dyskusj\u0119 w mediach spo\u0142eczno\u015bciowych. Z jednej strony widzimy obecnego premiera przemawiaj\u0105cego publicznie, z drugiej \u2014 do\u015bwiadczonego polityka, kt\u00f3ry r\u00f3wnie\u017c odegra\u0142 znacz\u0105c\u0105 rol\u0119 w polskiej polityce. &#8230; <a title=\"&#x1f1f5;&#x1f1f1; Debata o przyw\u00f3dztwie w Polsce nabiera tempa\" class=\"read-more\" href=\"https:\/\/dobrezrodla.com\/?p=23981\" aria-label=\"Read more about &#x1f1f5;&#x1f1f1; Debata o przyw\u00f3dztwie w Polsce nabiera tempa\">Read more<\/a><\/p>\n","protected":false},"author":1,"featured_media":0,"comment_status":"open","ping_status":"open","sticky":false,"template":"","format":"standard","meta":{"footnotes":""},"categories":[1],"tags":[],"class_list":["post-23981","post","type-post","status-publish","format-standard","hentry","category-uncategorized"],"_links":{"self":[{"href":"https:\/\/dobrezrodla.com\/index.php?rest_route=\/wp\/v2\/posts\/23981","targetHints":{"allow":["GET"]}}],"collection":[{"href":"https:\/\/dobrezrodla.com\/index.php?rest_route=\/wp\/v2\/posts"}],"about":[{"href":"https:\/\/dobrezrodla.com\/index.php?rest_route=\/wp\/v2\/types\/post"}],"author":[{"embeddable":true,"href":"https:\/\/dobrezrodla.com\/index.php?rest_route=\/wp\/v2\/users\/1"}],"replies":[{"embeddable":true,"href":"https:\/\/dobrezrodla.com\/index.php?rest_route=%2Fwp%2Fv2%2Fcomments&post=23981"}],"version-history":[{"count":1,"href":"https:\/\/dobrezrodla.com\/index.php?rest_route=\/wp\/v2\/posts\/23981\/revisions"}],"predecessor-version":[{"id":23982,"href":"https:\/\/dobrezrodla.com\/index.php?rest_route=\/wp\/v2\/posts\/23981\/revisions\/23982"}],"wp:attachment":[{"href":"https:\/\/dobrezrodla.com\/index.php?rest_route=%2Fwp%2Fv2%2Fmedia&parent=23981"}],"wp:term":[{"taxonomy":"category","embeddable":true,"href":"https:\/\/dobrezrodla.com\/index.php?rest_route=%2Fwp%2Fv2%2Fcategories&post=23981"},{"taxonomy":"post_tag","embeddable":true,"href":"https:\/\/dobrezrodla.com\/index.php?rest_route=%2Fwp%2Fv2%2Ftags&post=23981"}],"curies":[{"name":"wp","href":"https:\/\/api.w.org\/{rel}","templated":true}]}}