{"id":23983,"date":"2026-05-01T19:09:21","date_gmt":"2026-05-01T19:09:21","guid":{"rendered":"https:\/\/dobrezrodla.com\/?p=23983"},"modified":"2026-05-01T19:09:22","modified_gmt":"2026-05-01T19:09:22","slug":"nawrocki-zabral-glos-ws-lukasza-litewki-stanowcza-reakcja-czarzastego","status":"publish","type":"post","link":"https:\/\/dobrezrodla.com\/?p=23983","title":{"rendered":"Nawrocki zabra\u0142 g\u0142os ws. \u0141ukasza Litewki. Stanowcza reakcja Czarzastego"},"content":{"rendered":"\n<p>W\u0142odzimierz Czarzasty ostro skrytykowa\u0142 prezydenta Karola Nawrockiego po jego wypowiedziach dotycz\u0105cych zmar\u0142ego pos\u0142a \u0141ukasza Litewki. Polityk zarzuci\u0142 g\u0142owie pa\u0144stwa brak szacunku oraz instrumentalne wykorzystywanie \u015bmierci parlamentarzysty do bie\u017c\u0105cej walki politycznej. Zarzewiem sporu sta\u0142 si\u0119 wywiad prezydenta dla stacji wPolsce24.<\/p>\n\n\n\n<p>Relacja prezydenta o kulisach wsp\u00f3\u0142pracy z pos\u0142em<br>Podczas rozmowy w telewizji wPolsce24 prezydent Karol Nawrocki przedstawi\u0142 swoj\u0105 wersj\u0119 relacji ze zmar\u0142ym pos\u0142em \u0141ukaszem Litewk\u0105. G\u0142owa pa\u0144stwa stwierdzi\u0142a, \u017ce parlamentarzysta, mimo rzekomych zakaz\u00f3w ze strony w\u0142asnego ugrupowania, d\u0105\u017cy\u0142 do wsp\u00f3\u0142dzia\u0142ania z Pa\u0142acem Prezydenckim.<\/p>\n\n\n\n<p>\u201ePi\u0119kny cz\u0142owiek, kt\u00f3ry po\u015bwi\u0119ca\u0142 si\u0119 pracy dla innych i szuka\u0142 porozumienia. To by\u0142 taki pose\u0142, kt\u00f3ry mimo tego, \u017ce dostawa\u0142 zakaz kontaktowania si\u0119 z prezydentem to jednak szuka\u0142 porozumie\u0144 wok\u00f3\u0142 spraw wa\u017cnych dla niego i dla mnie\u201d \u2013 powiedzia\u0142 Karol Nawrocki.<\/p>\n\n\n\n<p>Prezydent wspomnia\u0142 te\u017c, \u017ce chcia\u0142 zaprosi\u0107 pos\u0142a do rady w KPRP.<\/p>\n\n\n\n<p>\u201eChcia\u0142em zaprosi\u0107 pana pos\u0142a Litewk\u0119 do swojej rady, bo wiedzia\u0142em, \u017ce jest to cz\u0142owiek, kt\u00f3ry po prostu robi dobro\u2026 ale pewna pragmatyka partyjna to wyklucza\u201d.<\/p>\n\n\n\n<p>\u201ePi\u0119kny cz\u0142owiek, kt\u00f3ry po\u015bwi\u0119ca\u0142 si\u0119 pracy dla innych i szuka\u0142 porozumienia. To by\u0142 taki pose\u0142, kt\u00f3ry mimo tego, \u017ce dostawa\u0142 zakaz kontaktowania si\u0119 z prezydentem to jednak szuka\u0142 porozumie\u0144 wok\u00f3\u0142 spraw wa\u017cnych dla niego i dla mnie\u201d &#8211; @NawrockiKn o \u0141ukaszu Litewce<br>****\u2026 pic.twitter.com\/sjbN3VKy5f<\/p>\n\n\n\n<p>\u2014 Kasia Drewniak &#x1f1f5;&#x1f1f1; (@Kasia_Dre) April 30, 2026<br>Stanowcza odpowied\u017a lidera Lewicy na zarzuty<br>W\u0142odzimierz Czarzasty odni\u00f3s\u0142 si\u0119 do s\u0142\u00f3w prezydenta podczas pi\u0105tkowej konferencji prasowej, nie kryj\u0105c oburzenia s\u0142owami Karola Nawrockiego. Lider Lewicy podkre\u015bli\u0142, \u017ce zmar\u0142y pose\u0142 zas\u0142uguje na godne upami\u0119tnienie, a nie na publiczne roztrz\u0105sanie domniemanych kulis\u00f3w partyjnych decyzji.<\/p>\n\n\n\n<p>\u201eChcia\u0142em powiedzie\u0107 panu prezydentowi jedn\u0105 rzecz: \u0141ukasz Litewka, panie prezydencie, wymaga szacunku. My jako Lewica szacunek ogromny do niego mamy i ludzie w Polsce te\u017c\u201d \u2013 o\u015bwiadczy\u0142 Czarzasty.<\/p>\n\n\n\n<p>W dalszej cz\u0119\u015bci swojej wypowiedzi bezpo\u015brednio zaatakowa\u0142 postaw\u0119 g\u0142owy pa\u0144stwa:<\/p>\n\n\n\n<p>\u201eNiech pan nie gra \u015bmierci\u0105, m\u00f3wi\u0105c o tym, co przed \u015bmierci\u0105 wed\u0142ug pana powiedzia\u0142 panu \u0141ukasz Litewka. To jest obrzydliwe\u201d.<\/p>\n\n\n\n<p>Krytyka \u201eta\u0144czenia na grobie\u201d i odmowa komentarza<br>Marsza\u0142ek stwierdzi\u0142, \u017ce publiczne dywagacje prezydenta na temat zmar\u0142ego s\u0105 naruszeniem standard\u00f3w etycznych. W\u0142odzimierz Czarzasty zadeklarowa\u0142, \u017ce nie zamierza wchodzi\u0107 w sp\u00f3r o szczeg\u00f3\u0142y polityczne, kt\u00f3re prezydent przywo\u0142a\u0142 po \u015bmierci Litewki.<\/p>\n\n\n\n<p>\u201eNiech pan ma szacunek do tego cz\u0142owieka i jego dokona\u0144. Dlatego nie b\u0119d\u0119 komentowa\u0142 tak naprawd\u0119 politycznych s\u0142\u00f3w prezydenta i pr\u00f3by ta\u0144czenia na grobie cz\u0142owieka, kt\u00f3rego my wszyscy cenimy\u201d \u2013 podsumowa\u0142 lider ugrupowania.<\/p>\n\n\n\n<p>Zdaniem Czarzastego, dzia\u0142ania prezydenta s\u0105 nieakceptowalne i s\u0142u\u017c\u0105 jedynie do kreowania narracji politycznej w obliczu tragedii, kt\u00f3ra dotkn\u0119\u0142a \u015brodowisko Lewicy oraz wyborc\u00f3w pos\u0142a.<\/p>\n\n\n\n<p>Zgodno\u015b\u0107 w ocenie dorobku zmar\u0142ego spo\u0142ecznika<br>Mimo ostrego konfliktu o spos\u00f3b komunikacji, obie strony sporu wysoko oceni\u0142y dzia\u0142alno\u015b\u0107 spo\u0142eczn\u0105 \u0141ukasza Litewki.<\/p>\n\n\n\n<p>Prezydent okre\u015bli\u0142 sytuacj\u0119 blokowania wsp\u00f3\u0142pracy mianem \u201ez\u0142a polityki\u201d, na kt\u00f3re ani on, ani pose\u0142 si\u0119 nie zgadzali.<\/p>\n\n\n\n<p>\u201eTo jest chyba z\u0142o polityki, na kt\u00f3re ani \u015bwi\u0119tej pami\u0119ci \u0141ukasz Litewka, ani ja si\u0119 nie zgadzamy\u201d<\/p>\n\n\n\n<p>Z kolei W\u0142odzimierz Czarzasty przypomnia\u0142, \u017ce dla Litewki niesienie pomocy zawsze by\u0142o wa\u017cniejsze od politycznej kariery.<\/p>\n\n\n\n<p>\u201e\u015amier\u0107 \u0141ukasza Litewki jest dla nas wielkim ciosem. To by\u0142 dobry cz\u0142owiek\u201d \u2013 zaznaczy\u0142 lider Lewicy.<\/p>\n\n\n\n<p>Doda\u0142 przy tym, \u017ce polityka s\u0142u\u017cy\u0142a zmar\u0142emu pos\u0142owi g\u0142\u00f3wnie do realizacji jego priorytetowego celu, jakim by\u0142o wspieranie ludzi znajduj\u0105cych si\u0119 w trudnych sytuacjach \u017cyciowych.<\/p>\n","protected":false},"excerpt":{"rendered":"<p>W\u0142odzimierz Czarzasty ostro skrytykowa\u0142 prezydenta Karola Nawrockiego po jego wypowiedziach dotycz\u0105cych zmar\u0142ego pos\u0142a \u0141ukasza Litewki. Polityk zarzuci\u0142 g\u0142owie pa\u0144stwa brak szacunku oraz instrumentalne wykorzystywanie \u015bmierci parlamentarzysty do bie\u017c\u0105cej walki politycznej. Zarzewiem sporu sta\u0142 si\u0119 wywiad prezydenta dla stacji wPolsce24. Relacja prezydenta o kulisach wsp\u00f3\u0142pracy z pos\u0142emPodczas rozmowy w telewizji wPolsce24 prezydent Karol Nawrocki przedstawi\u0142 swoj\u0105 &#8230; <a title=\"Nawrocki zabra\u0142 g\u0142os ws. \u0141ukasza Litewki. Stanowcza reakcja Czarzastego\" class=\"read-more\" href=\"https:\/\/dobrezrodla.com\/?p=23983\" aria-label=\"Read more about Nawrocki zabra\u0142 g\u0142os ws. \u0141ukasza Litewki. Stanowcza reakcja Czarzastego\">Read more<\/a><\/p>\n","protected":false},"author":1,"featured_media":0,"comment_status":"open","ping_status":"open","sticky":false,"template":"","format":"standard","meta":{"footnotes":""},"categories":[1],"tags":[],"class_list":["post-23983","post","type-post","status-publish","format-standard","hentry","category-uncategorized"],"_links":{"self":[{"href":"https:\/\/dobrezrodla.com\/index.php?rest_route=\/wp\/v2\/posts\/23983","targetHints":{"allow":["GET"]}}],"collection":[{"href":"https:\/\/dobrezrodla.com\/index.php?rest_route=\/wp\/v2\/posts"}],"about":[{"href":"https:\/\/dobrezrodla.com\/index.php?rest_route=\/wp\/v2\/types\/post"}],"author":[{"embeddable":true,"href":"https:\/\/dobrezrodla.com\/index.php?rest_route=\/wp\/v2\/users\/1"}],"replies":[{"embeddable":true,"href":"https:\/\/dobrezrodla.com\/index.php?rest_route=%2Fwp%2Fv2%2Fcomments&post=23983"}],"version-history":[{"count":1,"href":"https:\/\/dobrezrodla.com\/index.php?rest_route=\/wp\/v2\/posts\/23983\/revisions"}],"predecessor-version":[{"id":23984,"href":"https:\/\/dobrezrodla.com\/index.php?rest_route=\/wp\/v2\/posts\/23983\/revisions\/23984"}],"wp:attachment":[{"href":"https:\/\/dobrezrodla.com\/index.php?rest_route=%2Fwp%2Fv2%2Fmedia&parent=23983"}],"wp:term":[{"taxonomy":"category","embeddable":true,"href":"https:\/\/dobrezrodla.com\/index.php?rest_route=%2Fwp%2Fv2%2Fcategories&post=23983"},{"taxonomy":"post_tag","embeddable":true,"href":"https:\/\/dobrezrodla.com\/index.php?rest_route=%2Fwp%2Fv2%2Ftags&post=23983"}],"curies":[{"name":"wp","href":"https:\/\/api.w.org\/{rel}","templated":true}]}}