{"id":23985,"date":"2026-05-01T19:15:19","date_gmt":"2026-05-01T19:15:19","guid":{"rendered":"https:\/\/dobrezrodla.com\/?p=23985"},"modified":"2026-05-01T19:15:20","modified_gmt":"2026-05-01T19:15:20","slug":"zwrot-ws-konstytucji-rp-nawrocki-podjal-juz-pierwsze-kroki","status":"publish","type":"post","link":"https:\/\/dobrezrodla.com\/?p=23985","title":{"rendered":"Zwrot ws. konstytucji RP. Nawrocki podj\u0105\u0142 ju\u017c pierwsze kroki"},"content":{"rendered":"\n<p>Prezydent Karol Nawrocki zapowiada powo\u0142anie specjalnej rady, kt\u00f3ra ma zaj\u0105\u0107 si\u0119 kwesti\u0105 zmian w konstytucji. Jak poinformowa\u0142 jego rzecznik Rafa\u0142 Le\u015bkiewicz, pierwsze decyzje w tej sprawie zostan\u0105 og\u0142oszone 3 maja. To pocz\u0105tek procesu, kt\u00f3ry ma wyznaczy\u0107 kierunek przysz\u0142ych prac nad ustaw\u0105 zasadnicz\u0105.<\/p>\n\n\n\n<p>Uroczysto\u015bci 3 maja i symboliczny pocz\u0105tek zmian<br>3 maja, w dniu \u015awi\u0119ta Konstytucji, prezydent Karol Nawrocki we\u017amie udzia\u0142 w szeregu oficjalnych uroczysto\u015bci, kt\u00f3re jak podkre\u015blaj\u0105 jego wsp\u00f3\u0142pracownicy b\u0119d\u0105 mia\u0142y tak\u017ce wymiar polityczny i symboliczny. W planie znalaz\u0142a si\u0119 m.in. msza w Archikatedrze \u015bw. Jana, a tak\u017ce wydarzenia na Zamku Kr\u00f3lewskim, w tym wr\u0119czenie Order\u00f3w Or\u0142a Bia\u0142ego. Kluczowym elementem dnia b\u0119dzie jednak powo\u0142anie pierwszych cz\u0142onk\u00f3w Rady ds. nowej Konstytucji.<\/p>\n\n\n\n<p>Tak\u0105 informacj\u0119 przekaza\u0142 rzecznik prezydenta Rafa\u0142 Le\u015bkiewicz w programie \u201cGraffiti\u201d na antenie Polsat News.<\/p>\n\n\n\n<p>Pan prezydent powo\u0142a rad\u0119 do spraw nowej Konstytucji na Zamku Kr\u00f3lewskim w \u015bwi\u0119to Konstytucji 3 Maja. Rozpoczynamy proces tworzenia rady do spraw nowej konstytucji \u2013 poinformowa\u0142 Le\u015bkiewicz.<\/p>\n\n\n\n<p>To wydarzenie ma otworzy\u0107 wieloletni proces prac nad nowym kszta\u0142tem ustawy zasadniczej. Wyb\u00f3r tej daty nie jest przypadkowy. Rocznica uchwalenia Konstytucji 3 maja z 1791 roku od lat stanowi jeden z najwa\u017cniejszych symboli polskiej pa\u0144stwowo\u015bci i tradycji konstytucyjnej. Rozpocz\u0119cie prac nad now\u0105 konstytucj\u0105 w\u0142a\u015bnie tego dnia ma podkre\u015bla\u0107 ci\u0105g\u0142o\u015b\u0107 instytucjonaln\u0105 pa\u0144stwa, ale r\u00f3wnie\u017c wskazywa\u0107 na potrzeb\u0119 dostosowania ustroju do wsp\u00f3\u0142czesnych reali\u00f3w politycznych i spo\u0142ecznych.<\/p>\n\n\n\n<p>Nowa konstytucja w przygotowaniu. Tak ma dzia\u0142a\u0107 specjalna rada<br>Centralnym elementem zapowiedzianych zmian ma by\u0107 Rada ds. nowej Konstytucji. Jak wyja\u015bni\u0142 Rafa\u0142 Le\u015bkiewicz, gremium to b\u0119dzie mia\u0142o szeroki i pluralistyczny charakter. Zaproszenia do udzia\u0142u w pracach zosta\u0142y ju\u017c skierowane do klub\u00f3w i k\u00f3\u0142 parlamentarnych. Propozycja zak\u0142ada, \u017ce ka\u017cdy klub wska\u017ce dw\u00f3ch przedstawicieli, natomiast ka\u017cde ko\u0142o \u2013 jednego.<\/p>\n\n\n\n<p>Proponujemy, aby ka\u017cdy klub wyznaczy\u0142 dw\u00f3ch przedstawicieli, ka\u017cde ko\u0142o po jednym przedstawicielu. Do\u0142\u0105czymy tak\u017ce zesp\u00f3\u0142 ekspert\u00f3w i ta rada b\u0119dzie pracowa\u0142a nad projektem nowej Konstytucji \u2013 powiedzia\u0142 rzecznik prezydenta w Polsat News.<\/p>\n\n\n\n<p>Rada ma sk\u0142ada\u0107 si\u0119 z trzech g\u0142\u00f3wnych filar\u00f3w: polityk\u00f3w, ekspert\u00f3w oraz przedstawicieli r\u00f3\u017cnych \u015brodowisk i \u015bwiatopogl\u0105d\u00f3w. Jak podkre\u015blono, chodzi o osoby reprezentuj\u0105ce &#8220;r\u00f3\u017cn\u0105 wra\u017cliwo\u015b\u0107, r\u00f3\u017cne pogl\u0105dy, r\u00f3\u017cne postrzeganie kwestii dotycz\u0105cych prawa\u201d. Taki sk\u0142ad ma umo\u017cliwi\u0107 wypracowanie kompromisu, kt\u00f3ry b\u0119dzie mia\u0142 szans\u0119 na akceptacj\u0119 w szerokim spektrum politycznym.<\/p>\n\n\n\n<p>Plan zak\u0142ada, \u017ce prace rady zako\u0144cz\u0105 si\u0119 do 2030 roku, czyli ko\u0144ca kadencji prezydenta.<\/p>\n\n\n\n<p>Wtedy prezydent chce po\u0142o\u017cy\u0107 na st\u00f3\u0142 projekt konstytucji \u2013 zapowiedzia\u0142 Le\u015bkiewicz.<\/p>\n\n\n\n<p>Proces nie zako\u0144czy si\u0119 jednak na etapie opracowania dokumentu \u2013 przewidziane jest r\u00f3wnie\u017c referendum, cho\u0107 jego szczeg\u00f3\u0142y maj\u0105 zosta\u0107 dopiero ustalone.<\/p>\n\n\n\n<p>To jest przecie\u017c decyzja o charakterze politycznym, niezale\u017cnie od tego, jak na to by\u015bmy patrzyli. Konstytucja jest oczywi\u015bcie najwa\u017cniejszym aktem, ustaw\u0105 zasadnicz\u0105, ale musi by\u0107 wypracowana w ramach pewnego konsensusu politycznego \u2013zapewnia\u0142 rzecznik prezydenta.<\/p>\n\n\n\n<p>Oznacza to, \u017ce powodzenie i tempo prac ca\u0142ego projektu b\u0119dzie zale\u017ce\u0107 przede wszystkim od zdolno\u015bci r\u00f3\u017cnych \u015brodowisk politycznych do osi\u0105gni\u0119cia porozumienia ponad podzia\u0142ami.<\/p>\n\n\n\n<p>KONIECZNIE OBEJRZYJ. POWA\u017bNE ZAGRO\u017bENIE DLA POLSKI. ZNANY STRATEG BIJE NA ALARM<\/p>\n\n\n\n<p>Nowa konstytucja i mo\u017cliwa zmiana systemu w\u0142adzy<br>Zapowied\u017a prac nad now\u0105 konstytucj\u0105 nie jest nowo\u015bci\u0105 \u2013 Karol Nawrocki sygnalizowa\u0142 taki zamiar ju\u017c po zaprzysi\u0119\u017ceniu. W jego otoczeniu podkre\u015blano w\u00f3wczas, \u017ce obecny moment polityczny sprzyja podj\u0119ciu pr\u00f3by stworzenia nowej ustawy zasadniczej ponad podzia\u0142ami.<\/p>\n\n\n\n<p>Szef gabinetu prezydenta Pawe\u0142 Szefernaker po zaprzysi\u0119\u017ceniu Karola Nawrockiego wskazywa\u0142, \u017ce w ostatnich latach w Polsce wielokrotnie dochodzi\u0142o do spor\u00f3w o konstytucj\u0119. Szefernaker zwr\u00f3ci\u0142 uwag\u0119 na dobry moment, aby rozpocz\u0105\u0107 prace nad now\u0105 ustaw\u0105 zasadnicz\u0105 i spr\u00f3bowa\u0107 przygotowa\u0107 j\u0105 ponad podzia\u0142ami politycznymi. Zaznacza\u0142 r\u00f3wnie\u017c, \u017ce istotnym elementem tych zmian powinno by\u0107 wzmocnienie roli prezydenta.<\/p>\n\n\n\n<p>Sam prezydent r\u00f3wnie\u017c nie ukrywa swoich preferencji ustrojowych.<\/p>\n\n\n\n<p>Jestem zwolennikiem systemu prezydenckiego, ale nie upieram si\u0119 \u2013 m\u00f3wi\u0142 Nawrocki w Kanale Zero.<\/p>\n\n\n\n<p>Oznacza to, \u017ce jednym z kluczowych temat\u00f3w prac rady mo\u017ce by\u0107 zmiana modelu w\u0142adzy wykonawczej w Polsce \u2013 z obecnego systemu parlamentarno-gabinetowego w kierunku systemu prezydenckiego.<\/p>\n\n\n\n<p>Jednocze\u015bnie przedstawiciele Pa\u0142acu Prezydenckiego zaznaczaj\u0105, \u017ce proces ma mie\u0107 charakter otwarty i deliberacyjny.<\/p>\n\n\n\n<p>To oznacza, \u017ce przed Polsk\u0105 mo\u017ce stan\u0105\u0107 jedna z najwa\u017cniejszych debat ustrojowych od 1997 roku. Jej wynik b\u0119dzie zale\u017ca\u0142 nie tylko od ekspert\u00f3w, ale przede wszystkim od zdolno\u015bci polityk\u00f3w do osi\u0105gni\u0119cia kompromisu.<\/p>\n","protected":false},"excerpt":{"rendered":"<p>Prezydent Karol Nawrocki zapowiada powo\u0142anie specjalnej rady, kt\u00f3ra ma zaj\u0105\u0107 si\u0119 kwesti\u0105 zmian w konstytucji. Jak poinformowa\u0142 jego rzecznik Rafa\u0142 Le\u015bkiewicz, pierwsze decyzje w tej sprawie zostan\u0105 og\u0142oszone 3 maja. To pocz\u0105tek procesu, kt\u00f3ry ma wyznaczy\u0107 kierunek przysz\u0142ych prac nad ustaw\u0105 zasadnicz\u0105. Uroczysto\u015bci 3 maja i symboliczny pocz\u0105tek zmian3 maja, w dniu \u015awi\u0119ta Konstytucji, prezydent &#8230; <a title=\"Zwrot ws. konstytucji RP. Nawrocki podj\u0105\u0142 ju\u017c pierwsze kroki\" class=\"read-more\" href=\"https:\/\/dobrezrodla.com\/?p=23985\" aria-label=\"Read more about Zwrot ws. konstytucji RP. Nawrocki podj\u0105\u0142 ju\u017c pierwsze kroki\">Read more<\/a><\/p>\n","protected":false},"author":1,"featured_media":0,"comment_status":"open","ping_status":"open","sticky":false,"template":"","format":"standard","meta":{"footnotes":""},"categories":[1],"tags":[],"class_list":["post-23985","post","type-post","status-publish","format-standard","hentry","category-uncategorized"],"_links":{"self":[{"href":"https:\/\/dobrezrodla.com\/index.php?rest_route=\/wp\/v2\/posts\/23985","targetHints":{"allow":["GET"]}}],"collection":[{"href":"https:\/\/dobrezrodla.com\/index.php?rest_route=\/wp\/v2\/posts"}],"about":[{"href":"https:\/\/dobrezrodla.com\/index.php?rest_route=\/wp\/v2\/types\/post"}],"author":[{"embeddable":true,"href":"https:\/\/dobrezrodla.com\/index.php?rest_route=\/wp\/v2\/users\/1"}],"replies":[{"embeddable":true,"href":"https:\/\/dobrezrodla.com\/index.php?rest_route=%2Fwp%2Fv2%2Fcomments&post=23985"}],"version-history":[{"count":1,"href":"https:\/\/dobrezrodla.com\/index.php?rest_route=\/wp\/v2\/posts\/23985\/revisions"}],"predecessor-version":[{"id":23986,"href":"https:\/\/dobrezrodla.com\/index.php?rest_route=\/wp\/v2\/posts\/23985\/revisions\/23986"}],"wp:attachment":[{"href":"https:\/\/dobrezrodla.com\/index.php?rest_route=%2Fwp%2Fv2%2Fmedia&parent=23985"}],"wp:term":[{"taxonomy":"category","embeddable":true,"href":"https:\/\/dobrezrodla.com\/index.php?rest_route=%2Fwp%2Fv2%2Fcategories&post=23985"},{"taxonomy":"post_tag","embeddable":true,"href":"https:\/\/dobrezrodla.com\/index.php?rest_route=%2Fwp%2Fv2%2Ftags&post=23985"}],"curies":[{"name":"wp","href":"https:\/\/api.w.org\/{rel}","templated":true}]}}