{"id":23987,"date":"2026-05-01T19:16:11","date_gmt":"2026-05-01T19:16:11","guid":{"rendered":"https:\/\/dobrezrodla.com\/?p=23987"},"modified":"2026-05-01T19:16:12","modified_gmt":"2026-05-01T19:16:12","slug":"%f0%9f%87%b5%f0%9f%87%b1-czy-aleksander-kwasniewski-byl-dobrym-prezydentem-temat-wraca-do-debaty-publicznej","status":"publish","type":"post","link":"https:\/\/dobrezrodla.com\/?p=23987","title":{"rendered":"&#x1f1f5;&#x1f1f1; Czy Aleksander Kwa\u015bniewski by\u0142 dobrym prezydentem? Temat wraca do debaty publicznej"},"content":{"rendered":"\n<p>W mediach spo\u0142eczno\u015bciowych ponownie rozgorza\u0142a dyskusja na temat jednej z najbardziej rozpoznawalnych postaci polskiej polityki. Na opublikowanej grafice widzimy by\u0142ego prezydenta Polski wraz z pytaniem:<br><strong>\u201eCzy Aleksander Kwa\u015bniewski by\u0142 dobrym prezydentem?\u201d<\/strong><br>Obok pojawiaj\u0105 si\u0119 dwie mo\u017cliwo\u015bci odpowiedzi: \u201eTAK\u201d oraz \u201eNIE\u201d, zach\u0119caj\u0105ce internaut\u00f3w do wyra\u017cenia swojego zdania.<\/p>\n\n\n\n<p>Aleksander Kwa\u015bniewski pe\u0142ni\u0142 urz\u0105d prezydenta w latach 1995\u20132005, a jego kadencja przypad\u0142a na okres istotnych przemian politycznych i gospodarczych w Polsce. To w\u0142a\u015bnie w tym czasie kraj wst\u0105pi\u0142 do NATO oraz Unii Europejskiej \u2014 wydarze\u0144, kt\u00f3re do dzi\u015b uznawane s\u0105 za jedne z najwa\u017cniejszych w najnowszej historii Polski.<\/p>\n\n\n\n<p>Zwolennicy by\u0142ego prezydenta podkre\u015blaj\u0105 jego rol\u0119 w budowaniu relacji mi\u0119dzynarodowych, stabilizowaniu sceny politycznej oraz reprezentowaniu Polski na arenie \u015bwiatowej. Wskazuj\u0105 r\u00f3wnie\u017c na jego do\u015bwiadczenie dyplomatyczne i zdolno\u015b\u0107 do dialogu ponad podzia\u0142ami.<\/p>\n\n\n\n<p>Z kolei krytycy zwracaj\u0105 uwag\u0119 na kontrowersje towarzysz\u0105ce jego prezydenturze, decyzje polityczne oraz styl sprawowania w\u0142adzy, kt\u00f3ry nie wszystkim odpowiada\u0142. Dla cz\u0119\u015bci spo\u0142ecze\u0144stwa jego kadencja pozostaje tematem do dyskusji i r\u00f3\u017cnych interpretacji.<\/p>\n\n\n\n<p>Obecna ankieta pokazuje, \u017ce mimo up\u0142ywu lat posta\u0107 Aleksandra Kwa\u015bniewskiego nadal budzi emocje i dzieli opini\u0119 publiczn\u0105. Jedno jest pewne \u2014 jego wp\u0142yw na histori\u0119 wsp\u00f3\u0142czesnej Polski pozostaje niezaprzeczalny, a ocena jego prezydentury zale\u017cy w du\u017cej mierze od indywidualnych pogl\u0105d\u00f3w i do\u015bwiadcze\u0144 obywateli.<\/p>\n\n\n\n<p>Debata trwa, a g\u0142osy internaut\u00f3w pokazuj\u0105, \u017ce historia wci\u0105\u017c \u017cyje w \u015bwiadomo\u015bci spo\u0142ecznej.<\/p>\n","protected":false},"excerpt":{"rendered":"<p>W mediach spo\u0142eczno\u015bciowych ponownie rozgorza\u0142a dyskusja na temat jednej z najbardziej rozpoznawalnych postaci polskiej polityki. Na opublikowanej grafice widzimy by\u0142ego prezydenta Polski wraz z pytaniem:\u201eCzy Aleksander Kwa\u015bniewski by\u0142 dobrym prezydentem?\u201dObok pojawiaj\u0105 si\u0119 dwie mo\u017cliwo\u015bci odpowiedzi: \u201eTAK\u201d oraz \u201eNIE\u201d, zach\u0119caj\u0105ce internaut\u00f3w do wyra\u017cenia swojego zdania. Aleksander Kwa\u015bniewski pe\u0142ni\u0142 urz\u0105d prezydenta w latach 1995\u20132005, a jego kadencja &#8230; <a title=\"&#x1f1f5;&#x1f1f1; Czy Aleksander Kwa\u015bniewski by\u0142 dobrym prezydentem? Temat wraca do debaty publicznej\" class=\"read-more\" href=\"https:\/\/dobrezrodla.com\/?p=23987\" aria-label=\"Read more about &#x1f1f5;&#x1f1f1; Czy Aleksander Kwa\u015bniewski by\u0142 dobrym prezydentem? Temat wraca do debaty publicznej\">Read more<\/a><\/p>\n","protected":false},"author":1,"featured_media":0,"comment_status":"open","ping_status":"open","sticky":false,"template":"","format":"standard","meta":{"footnotes":""},"categories":[1],"tags":[],"class_list":["post-23987","post","type-post","status-publish","format-standard","hentry","category-uncategorized"],"_links":{"self":[{"href":"https:\/\/dobrezrodla.com\/index.php?rest_route=\/wp\/v2\/posts\/23987","targetHints":{"allow":["GET"]}}],"collection":[{"href":"https:\/\/dobrezrodla.com\/index.php?rest_route=\/wp\/v2\/posts"}],"about":[{"href":"https:\/\/dobrezrodla.com\/index.php?rest_route=\/wp\/v2\/types\/post"}],"author":[{"embeddable":true,"href":"https:\/\/dobrezrodla.com\/index.php?rest_route=\/wp\/v2\/users\/1"}],"replies":[{"embeddable":true,"href":"https:\/\/dobrezrodla.com\/index.php?rest_route=%2Fwp%2Fv2%2Fcomments&post=23987"}],"version-history":[{"count":1,"href":"https:\/\/dobrezrodla.com\/index.php?rest_route=\/wp\/v2\/posts\/23987\/revisions"}],"predecessor-version":[{"id":23988,"href":"https:\/\/dobrezrodla.com\/index.php?rest_route=\/wp\/v2\/posts\/23987\/revisions\/23988"}],"wp:attachment":[{"href":"https:\/\/dobrezrodla.com\/index.php?rest_route=%2Fwp%2Fv2%2Fmedia&parent=23987"}],"wp:term":[{"taxonomy":"category","embeddable":true,"href":"https:\/\/dobrezrodla.com\/index.php?rest_route=%2Fwp%2Fv2%2Fcategories&post=23987"},{"taxonomy":"post_tag","embeddable":true,"href":"https:\/\/dobrezrodla.com\/index.php?rest_route=%2Fwp%2Fv2%2Ftags&post=23987"}],"curies":[{"name":"wp","href":"https:\/\/api.w.org\/{rel}","templated":true}]}}