{"id":23991,"date":"2026-05-01T19:24:45","date_gmt":"2026-05-01T19:24:45","guid":{"rendered":"https:\/\/dobrezrodla.com\/?p=23991"},"modified":"2026-05-01T19:24:46","modified_gmt":"2026-05-01T19:24:46","slug":"nawrocki-skomentowal-akcje-charytatywna-bedoesa-i-latwoganga-dla-cancer-fighters","status":"publish","type":"post","link":"https:\/\/dobrezrodla.com\/?p=23991","title":{"rendered":"Nawrocki skomentowa\u0142 akcj\u0119 charytatywn\u0105 Bedoesa i \u0141atwoganga dla Cancer Fighters"},"content":{"rendered":"\n<p>Rekordowa suma zebrana na pomoc dzieciom z chorobami nowotworowymi sta\u0142a si\u0119 symbolem nowej fali polskiej solidarno\u015bci. O tym, dlaczego inicjatywa Bedoesa 2115 i \u0141atwoganga tak mocno poruszy\u0142a kraj, wypowiedzia\u0142 si\u0119 prezydent Karol Nawrocki. Wskaza\u0142 on jeden kluczowy element, kt\u00f3ry zadecydowa\u0142 o tym bezprecedensowym sukcesie.<\/p>\n\n\n\n<p>Skala pomocy i konkretne liczby akcji<br>Informacje zebrane na oficjalnej stronie projektu \u201eDiss na Raka\u201d wskazuj\u0105 na ogromn\u0105 skal\u0119 zaanga\u017cowania spo\u0142ecznego. Zadeklarowana kwota wsparcia na dzie\u0144 27 kwietnia 2026 roku osi\u0105gn\u0119\u0142a poziom 282 741 778,76 z\u0142.<\/p>\n\n\n\n<p>Fundacja Cancer Fighters, we wsp\u00f3\u0142pracy z Bedoesem 2115 i \u0141atwogangiem, zajmuje si\u0119 obecnie rozliczaniem tych \u015brodk\u00f3w oraz uzupe\u0142nianiem zbi\u00f3rek swoich podopiecznych. Jak wynika ze strony fundacji, do ko\u0144ca kwietnia wydatkowano ju\u017c 6 872 706,00 z\u0142 na najpilniejsze potrzeby pacjent\u00f3w.<\/p>\n\n\n\n<p>Organizatorzy podkre\u015blaj\u0105, \u017ce cho\u0107 g\u0142\u00f3wny etap zbi\u00f3rki dobieg\u0142 ko\u0144ca, dzia\u0142ania fundacji trwaj\u0105 nadal, aby ka\u017cda z\u0142ot\u00f3wka trafi\u0142a tam, gdzie jest najbardziej potrzebna.<\/p>\n\n\n\n<p>Prezydent o sile autentyczno\u015bci i braku PR-u<br>Prezydent Nawrocki odni\u00f3s\u0142 si\u0119 do akcji w wywiadzie z wPolsce24, wskazuj\u0105c na co\u015b, czego nie da si\u0119 zaplanowa\u0107 w \u017cadnej agencji PR.<\/p>\n\n\n\n<p>\u201eMy\u015bl\u0119, \u017ce Polacy po prostu s\u0105 w stanie doceni\u0107 autentyczno\u015b\u0107 i te dwa przyk\u0142ady czy trzy przyk\u0142ady, kt\u00f3re panowie redaktorzy poruszacie, s\u0105 tego chyba najlepszym dowodem\u201d \u2013 stwierdzi\u0142 prezydent.<\/p>\n\n\n\n<p>Kontynuuj\u0105c w\u0105tek, Karol Nawrocki doda\u0142:<\/p>\n\n\n\n<p>\u201eTa zbi\u00f3rka te\u017c przecie\u017c by\u0142a kwesti\u0105 p\u0142yn\u0105c\u0105 z serca, z potrzeby, z ch\u0119ci pomocy. Nie trzeba by\u0142o wok\u00f3\u0142 niej tworzy\u0107 czy specjalnych struktur, czy konkretnego nienaturalnego PR-u, czy niepotrzebnych gest\u00f3w\u201d.<\/p>\n\n\n\n<p>Wed\u0142ug niego to w\u0142a\u015bnie szczero\u015b\u0107 intencji, a nie \u017cadna przemy\u015blana strategia komunikacyjna, sta\u0142a za tym bezprecedensowym wynikiem.<\/p>\n\n\n\n<p>Spontaniczno\u015b\u0107 jako klucz do rekordowych wynik\u00f3w<br>Nawrocki zwr\u00f3ci\u0142 uwag\u0119, \u017ce organizatorzy nie budowali wok\u00f3\u0142 akcji \u017cadnych sztucznych struktur ani niepotrzebnego, wyre\u017cyserowanego wizerunku.<\/p>\n\n\n\n<p>\u201eNie trzeba by\u0142o wok\u00f3\u0142 niej tworzy\u0107 czy specjalnych struktur, czy konkretnego nienaturalnego PR-u, czy niepotrzebnych gest\u00f3w&#8221; \u2013 podkre\u015bli\u0142.<\/p>\n\n\n\n<p>W jego ocenie w\u0142a\u015bnie ta prostota i oddolny charakter inicjatywy sprawi\u0142y, \u017ce miliony Polak\u00f3w zdecydowa\u0142y si\u0119 si\u0119gn\u0105\u0107 do kieszeni.<\/p>\n\n\n\n<p>\u201eTo by\u0142o na tyle spontaniczne, a osi\u0105gn\u0119\u0142o tak doskona\u0142e wyniki finansowe i przynios\u0142o konkretn\u0105 pomoc, \u017ce Polacy zdaje si\u0119 to docenili&#8221; \u2212 podsumowa\u0142 g\u0142owa pa\u0144stwa.<\/p>\n\n\n\n<p>S\u0142owa prezydenta brzmi\u0105 jak potwierdzenie, \u017ce w dobie przesytu reklam\u0105 i wizerunkow\u0105 polityk\u0105, zwyk\u0142a ludzka szczero\u015b\u0107 wci\u0105\u017c potrafi poruszy\u0107 t\u0142umy lepiej ni\u017c jakikolwiek bud\u017cet marketingowy.<\/p>\n","protected":false},"excerpt":{"rendered":"<p>Rekordowa suma zebrana na pomoc dzieciom z chorobami nowotworowymi sta\u0142a si\u0119 symbolem nowej fali polskiej solidarno\u015bci. O tym, dlaczego inicjatywa Bedoesa 2115 i \u0141atwoganga tak mocno poruszy\u0142a kraj, wypowiedzia\u0142 si\u0119 prezydent Karol Nawrocki. Wskaza\u0142 on jeden kluczowy element, kt\u00f3ry zadecydowa\u0142 o tym bezprecedensowym sukcesie. Skala pomocy i konkretne liczby akcjiInformacje zebrane na oficjalnej stronie projektu &#8230; <a title=\"Nawrocki skomentowa\u0142 akcj\u0119 charytatywn\u0105 Bedoesa i \u0141atwoganga dla Cancer Fighters\" class=\"read-more\" href=\"https:\/\/dobrezrodla.com\/?p=23991\" aria-label=\"Read more about Nawrocki skomentowa\u0142 akcj\u0119 charytatywn\u0105 Bedoesa i \u0141atwoganga dla Cancer Fighters\">Read more<\/a><\/p>\n","protected":false},"author":1,"featured_media":0,"comment_status":"open","ping_status":"open","sticky":false,"template":"","format":"standard","meta":{"footnotes":""},"categories":[1],"tags":[],"class_list":["post-23991","post","type-post","status-publish","format-standard","hentry","category-uncategorized"],"_links":{"self":[{"href":"https:\/\/dobrezrodla.com\/index.php?rest_route=\/wp\/v2\/posts\/23991","targetHints":{"allow":["GET"]}}],"collection":[{"href":"https:\/\/dobrezrodla.com\/index.php?rest_route=\/wp\/v2\/posts"}],"about":[{"href":"https:\/\/dobrezrodla.com\/index.php?rest_route=\/wp\/v2\/types\/post"}],"author":[{"embeddable":true,"href":"https:\/\/dobrezrodla.com\/index.php?rest_route=\/wp\/v2\/users\/1"}],"replies":[{"embeddable":true,"href":"https:\/\/dobrezrodla.com\/index.php?rest_route=%2Fwp%2Fv2%2Fcomments&post=23991"}],"version-history":[{"count":1,"href":"https:\/\/dobrezrodla.com\/index.php?rest_route=\/wp\/v2\/posts\/23991\/revisions"}],"predecessor-version":[{"id":23992,"href":"https:\/\/dobrezrodla.com\/index.php?rest_route=\/wp\/v2\/posts\/23991\/revisions\/23992"}],"wp:attachment":[{"href":"https:\/\/dobrezrodla.com\/index.php?rest_route=%2Fwp%2Fv2%2Fmedia&parent=23991"}],"wp:term":[{"taxonomy":"category","embeddable":true,"href":"https:\/\/dobrezrodla.com\/index.php?rest_route=%2Fwp%2Fv2%2Fcategories&post=23991"},{"taxonomy":"post_tag","embeddable":true,"href":"https:\/\/dobrezrodla.com\/index.php?rest_route=%2Fwp%2Fv2%2Ftags&post=23991"}],"curies":[{"name":"wp","href":"https:\/\/api.w.org\/{rel}","templated":true}]}}