{"id":23997,"date":"2026-05-01T19:26:42","date_gmt":"2026-05-01T19:26:42","guid":{"rendered":"https:\/\/dobrezrodla.com\/?p=23997"},"modified":"2026-05-01T19:26:42","modified_gmt":"2026-05-01T19:26:42","slug":"tusk-reaguje-na-dzialania-narowckiego-wytknal-mu-jeden-blad","status":"publish","type":"post","link":"https:\/\/dobrezrodla.com\/?p=23997","title":{"rendered":"Tusk reaguje na dzia\u0142ania Narowckiego. Wytkn\u0105\u0142 mu jeden b\u0142\u0105d"},"content":{"rendered":"\n<p>Karol Nawrocki zapowiedzia\u0142 powo\u0142anie Rady ds. nowej Konstytucji, kt\u00f3ra ma rozpocz\u0105\u0107 prac\u0119 3 maja podczas obchod\u00f3w \u015awi\u0119ta Narodowego. W sk\u0142ad gremium maj\u0105 wej\u015b\u0107 przedstawiciele klub\u00f3w poselskich, k\u00f3\u0142 oraz eksperci prawa. Na jego zapowied\u017a zareagowa\u0142 Donald Tusk, kt\u00f3ry skrytykowa\u0142 prezydenta w mediach spo\u0142eczno\u015bciowych.<\/p>\n\n\n\n<p>Nawrocki zapowiada Rad\u0119 ds. nowej Konstytucji 3 maja<br>Rzecznik prezydenta Rafa\u0142 Le\u015bkiewicz przekaza\u0142, \u017ce Karol Nawrocki 3 maja ma powo\u0142a\u0107 pierwszych cz\u0142onk\u00f3w Rady ds. nowej Konstytucji. Ma to by\u0107 kolejne gremium doradcze dzia\u0142aj\u0105ce przy prezydencie, kt\u00f3rego zadaniem b\u0119dzie praca nad dokumentem o fundamentalnym znaczeniu dla pa\u0144stwa. Wed\u0142ug zapowiedzi, inicjatywa ta zosta\u0142a ju\u017c wcze\u015bniej zarysowana przez Nawrockiego w jego pierwszym or\u0119dziu po zaprzysi\u0119\u017ceniu w sierpniu ubieg\u0142ego roku, co pokazuje, \u017ce temat nie pojawi\u0142 si\u0119 nagle, lecz jest elementem d\u0142u\u017cej planowanej koncepcji politycznej.<\/p>\n\n\n\n<p>Jak wynika z informacji przekazanych przez Le\u015bkiewicza, nowa rada ma mie\u0107 szeroki, wielog\u0142osowy charakter. W jej sk\u0142ad maj\u0105 wej\u015b\u0107 przedstawiciele r\u00f3\u017cnych \u015brodowisk politycznych i eksperckich, w tym po dwie osoby z ka\u017cdego klubu poselskiego oraz po jednej z ka\u017cdego ko\u0142a. Dodatkowo przewidziano udzia\u0142 ekspert\u00f3w oraz os\u00f3b reprezentuj\u0105cych odmienne spojrzenia na kwestie prawne i konstytucyjne. Ca\u0142o\u015b\u0107 ma tworzy\u0107 forum wymiany pogl\u0105d\u00f3w, kt\u00f3re w za\u0142o\u017ceniu ma doprowadzi\u0107 do wypracowania projektu nowej ustawy zasadniczej.<\/p>\n\n\n\n<p>Tusk reaguje na dzia\u0142ania Narowckiego. Wytkn\u0105\u0142 mu jeden b\u0142\u0105d<br>Karol Nawrocki, fot. Sejm_RP\/Wikimedia Commons<br>Sk\u0142ad nowej rady przy prezydencie \u2013 kto ma wej\u015b\u0107?<br>Zapowiedzi zwi\u0105zane z powo\u0142aniem Rady ds. nowej Konstytucji szybko wywo\u0142a\u0142y reakcj\u0119 w przestrzeni publicznej, w tym komentarz premiera Donalda Tuska. Szef rz\u0105du odni\u00f3s\u0142 si\u0119 do plan\u00f3w Karola Nawrockiego w mediach spo\u0142eczno\u015bciowych, wskazuj\u0105c na jego zdaniem kluczow\u0105 kwesti\u0119 w ca\u0142ej sprawie.<\/p>\n\n\n\n<p>\u2013 Pan Karol Nawrocki og\u0142osi\u0142, \u017ce b\u0119dzie pracowa\u0142 nad now\u0105 konstytucj\u0105. Proponuj\u0119 zacz\u0105\u0107 od przestrzegania aktualnej \u2013 napisa\u0142 Donald Tusk.<\/p>\n\n\n\n<p>Wpis premiera zosta\u0142 odebrany jako krytyczna uwaga pod adresem prezydenta i jednocze\u015bnie sugestia, \u017ce najpierw powinny zosta\u0107 uporz\u0105dkowane kwestie zwi\u0105zane z obowi\u0105zuj\u0105cym porz\u0105dkiem prawnym, zanim rozpocznie si\u0119 prace nad jego zmian\u0105. Wypowied\u017a premiera wpisuje si\u0119 w szerszy kontekst napi\u0119\u0107 i r\u00f3\u017cnic politycznych dotycz\u0105cych interpretacji oraz stosowania obowi\u0105zuj\u0105cych przepis\u00f3w konstytucyjnych.<\/p>\n\n\n\n<p>Tusk komentuje plany Nawrockiego i wskazuje na konstytucj\u0119<br>Zapowied\u017a powo\u0142ania Rady ds. nowej Konstytucji ma zosta\u0107 zrealizowana podczas obchod\u00f3w \u015awi\u0119ta Narodowego 3 Maja, w kt\u00f3rych udzia\u0142 we\u017amie Karol Nawrocki. Jak wynika z przekazanych informacji, prezydent ma pojawi\u0107 si\u0119 mi\u0119dzy innymi na mszy w Archikatedrze \u015bw. Jana oraz podczas uroczysto\u015bci na Zamku Kr\u00f3lewskim. W trakcie tych wydarze\u0144 planowane jest r\u00f3wnie\u017c wr\u0119czenie Order\u00f3w Or\u0142a Bia\u0142ego.<\/p>\n\n\n\n<p>To w\u0142a\u015bnie w ramach tych oficjalnych obchod\u00f3w ma doj\u015b\u0107 do og\u0142oszenia sk\u0142adu nowej rady. Jej struktura, jak podkre\u015blono, zosta\u0142a zaprojektowana tak, aby uwzgl\u0119dnia\u0107 r\u00f3\u017cnorodno\u015b\u0107 polityczn\u0105 i eksperck\u0105, co ma zwi\u0119kszy\u0107 jej reprezentatywno\u015b\u0107 i umo\u017cliwi\u0107 szerok\u0105 debat\u0119 nad przysz\u0142ym kszta\u0142tem konstytucji.<\/p>\n\n\n\n<p>Ca\u0142a inicjatywa wpisuje si\u0119 w deklaracje prezydenta dotycz\u0105ce potrzeby dyskusji nad ewentualnymi zmianami ustrojowymi, kt\u00f3re zosta\u0142y ju\u017c wcze\u015bniej zasygnalizowane w jego wyst\u0105pieniach publicznych.<\/p>\n\n\n\n<p>KONIECZNIE OBEJRZYJ. POWA\u017bNE ZAGRO\u017bENIE DLA POLSKI. ZNANY STRATEG BIJE NA ALARM<\/p>\n","protected":false},"excerpt":{"rendered":"<p>Karol Nawrocki zapowiedzia\u0142 powo\u0142anie Rady ds. nowej Konstytucji, kt\u00f3ra ma rozpocz\u0105\u0107 prac\u0119 3 maja podczas obchod\u00f3w \u015awi\u0119ta Narodowego. W sk\u0142ad gremium maj\u0105 wej\u015b\u0107 przedstawiciele klub\u00f3w poselskich, k\u00f3\u0142 oraz eksperci prawa. Na jego zapowied\u017a zareagowa\u0142 Donald Tusk, kt\u00f3ry skrytykowa\u0142 prezydenta w mediach spo\u0142eczno\u015bciowych. Nawrocki zapowiada Rad\u0119 ds. nowej Konstytucji 3 majaRzecznik prezydenta Rafa\u0142 Le\u015bkiewicz przekaza\u0142, \u017ce &#8230; <a title=\"Tusk reaguje na dzia\u0142ania Narowckiego. Wytkn\u0105\u0142 mu jeden b\u0142\u0105d\" class=\"read-more\" href=\"https:\/\/dobrezrodla.com\/?p=23997\" aria-label=\"Read more about Tusk reaguje na dzia\u0142ania Narowckiego. Wytkn\u0105\u0142 mu jeden b\u0142\u0105d\">Read more<\/a><\/p>\n","protected":false},"author":1,"featured_media":0,"comment_status":"open","ping_status":"open","sticky":false,"template":"","format":"standard","meta":{"footnotes":""},"categories":[1],"tags":[],"class_list":["post-23997","post","type-post","status-publish","format-standard","hentry","category-uncategorized"],"_links":{"self":[{"href":"https:\/\/dobrezrodla.com\/index.php?rest_route=\/wp\/v2\/posts\/23997","targetHints":{"allow":["GET"]}}],"collection":[{"href":"https:\/\/dobrezrodla.com\/index.php?rest_route=\/wp\/v2\/posts"}],"about":[{"href":"https:\/\/dobrezrodla.com\/index.php?rest_route=\/wp\/v2\/types\/post"}],"author":[{"embeddable":true,"href":"https:\/\/dobrezrodla.com\/index.php?rest_route=\/wp\/v2\/users\/1"}],"replies":[{"embeddable":true,"href":"https:\/\/dobrezrodla.com\/index.php?rest_route=%2Fwp%2Fv2%2Fcomments&post=23997"}],"version-history":[{"count":1,"href":"https:\/\/dobrezrodla.com\/index.php?rest_route=\/wp\/v2\/posts\/23997\/revisions"}],"predecessor-version":[{"id":23998,"href":"https:\/\/dobrezrodla.com\/index.php?rest_route=\/wp\/v2\/posts\/23997\/revisions\/23998"}],"wp:attachment":[{"href":"https:\/\/dobrezrodla.com\/index.php?rest_route=%2Fwp%2Fv2%2Fmedia&parent=23997"}],"wp:term":[{"taxonomy":"category","embeddable":true,"href":"https:\/\/dobrezrodla.com\/index.php?rest_route=%2Fwp%2Fv2%2Fcategories&post=23997"},{"taxonomy":"post_tag","embeddable":true,"href":"https:\/\/dobrezrodla.com\/index.php?rest_route=%2Fwp%2Fv2%2Ftags&post=23997"}],"curies":[{"name":"wp","href":"https:\/\/api.w.org\/{rel}","templated":true}]}}