{"id":2518,"date":"2025-08-08T06:25:26","date_gmt":"2025-08-08T06:25:26","guid":{"rendered":"https:\/\/dobrezrodla.com\/?p=2518"},"modified":"2025-08-08T06:25:27","modified_gmt":"2025-08-08T06:25:27","slug":"wlosy-moga-tego-nie-wytrzymac-zart-dziennikarza-do-tuska-i-reakcja-premiera-na-wizji","status":"publish","type":"post","link":"https:\/\/dobrezrodla.com\/?p=2518","title":{"rendered":"\u201eW\u0142osy mog\u0105 tego nie wytrzyma\u0107!\u201d \u2013 \u017cart dziennikarza do Tuska i reakcja premiera na wizji"},"content":{"rendered":"\n<p>Podczas wizyty w M\u0119cinie (woj. ma\u0142opolskie) premier Donald Tusk zosta\u0142 zaskoczony nietypowym pytaniem od lokalnego dziennikarza J\u00f3zefa Budacza z telewizji limanowskiej. Reporter, pytaj\u0105c o ma\u0142\u0105 aktywno\u015b\u0107 polityk\u00f3w Koalicji Obywatelskiej w regionie, doda\u0142 \u017cartobliwie, \u017ce gdyby premier przeczyta\u0142 komentarze internaut\u00f3w, \u201eto tych w\u0142os\u00f3w, kt\u00f3re ma pan na g\u0142owie, troch\u0119 by panu zabrak\u0142o\u201d.<\/p>\n\n\n\n<p>Tusk, \u0142api\u0105c si\u0119 za g\u0142ow\u0119, odpowiedzia\u0142 z u\u015bmiechem: \u2013 Mam nadziej\u0119, \u017ce pana przepowiednia si\u0119 nie sprawdzi. Wola\u0142bym, \u017ceby ta reszta w\u0142os\u00f3w zosta\u0142a na g\u0142owie.<\/p>\n\n\n\n<p>Premier zaznaczy\u0142, \u017ce nie kieruje si\u0119 internetowymi komentarzami, bo m\u00f3g\u0142by pope\u0142nia\u0107 b\u0142\u0119dy, reaguj\u0105c na pochwa\u0142y lub krytyk\u0119. Odni\u00f3s\u0142 si\u0119 te\u017c do wspomnianej przez dziennikarza swojej wizyty w K\u0142odnem w 2011 roku, gdzie dosz\u0142o do tragicznego osuwiska. \u2013 Wtedy przyjecha\u0142em natychmiast, a w ci\u0105gu dw\u00f3ch godzin zapad\u0142a decyzja o pe\u0142nym wsparciu pa\u0144stwa w odbudowie zniszczonych dom\u00f3w \u2013 przypomnia\u0142.<\/p>\n\n\n\n<p>Tusk podkre\u015bli\u0142, \u017ce wszystkie domy zosta\u0142y odbudowane w innym miejscu w ci\u0105gu dw\u00f3ch lat, a jego zdaniem by\u0142a to pomoc skuteczna i pozbawiona propagandowego rozg\u0142osu. \u2013 Mo\u017ce czasem kto\u015b ciep\u0142o o mnie pomy\u015bli \u2013 doda\u0142 na koniec.<\/p>\n","protected":false},"excerpt":{"rendered":"<p>Podczas wizyty w M\u0119cinie (woj. ma\u0142opolskie) premier Donald Tusk zosta\u0142 zaskoczony nietypowym pytaniem od lokalnego dziennikarza J\u00f3zefa Budacza z telewizji limanowskiej. Reporter, pytaj\u0105c o ma\u0142\u0105 aktywno\u015b\u0107 polityk\u00f3w Koalicji Obywatelskiej w regionie, doda\u0142 \u017cartobliwie, \u017ce gdyby premier przeczyta\u0142 komentarze internaut\u00f3w, \u201eto tych w\u0142os\u00f3w, kt\u00f3re ma pan na g\u0142owie, troch\u0119 by panu zabrak\u0142o\u201d. Tusk, \u0142api\u0105c si\u0119 za &#8230; <a title=\"\u201eW\u0142osy mog\u0105 tego nie wytrzyma\u0107!\u201d \u2013 \u017cart dziennikarza do Tuska i reakcja premiera na wizji\" class=\"read-more\" href=\"https:\/\/dobrezrodla.com\/?p=2518\" aria-label=\"Read more about \u201eW\u0142osy mog\u0105 tego nie wytrzyma\u0107!\u201d \u2013 \u017cart dziennikarza do Tuska i reakcja premiera na wizji\">Read more<\/a><\/p>\n","protected":false},"author":1,"featured_media":2519,"comment_status":"open","ping_status":"open","sticky":false,"template":"","format":"standard","meta":{"footnotes":""},"categories":[1],"tags":[],"class_list":["post-2518","post","type-post","status-publish","format-standard","has-post-thumbnail","hentry","category-uncategorized"],"_links":{"self":[{"href":"https:\/\/dobrezrodla.com\/index.php?rest_route=\/wp\/v2\/posts\/2518","targetHints":{"allow":["GET"]}}],"collection":[{"href":"https:\/\/dobrezrodla.com\/index.php?rest_route=\/wp\/v2\/posts"}],"about":[{"href":"https:\/\/dobrezrodla.com\/index.php?rest_route=\/wp\/v2\/types\/post"}],"author":[{"embeddable":true,"href":"https:\/\/dobrezrodla.com\/index.php?rest_route=\/wp\/v2\/users\/1"}],"replies":[{"embeddable":true,"href":"https:\/\/dobrezrodla.com\/index.php?rest_route=%2Fwp%2Fv2%2Fcomments&post=2518"}],"version-history":[{"count":1,"href":"https:\/\/dobrezrodla.com\/index.php?rest_route=\/wp\/v2\/posts\/2518\/revisions"}],"predecessor-version":[{"id":2520,"href":"https:\/\/dobrezrodla.com\/index.php?rest_route=\/wp\/v2\/posts\/2518\/revisions\/2520"}],"wp:featuredmedia":[{"embeddable":true,"href":"https:\/\/dobrezrodla.com\/index.php?rest_route=\/wp\/v2\/media\/2519"}],"wp:attachment":[{"href":"https:\/\/dobrezrodla.com\/index.php?rest_route=%2Fwp%2Fv2%2Fmedia&parent=2518"}],"wp:term":[{"taxonomy":"category","embeddable":true,"href":"https:\/\/dobrezrodla.com\/index.php?rest_route=%2Fwp%2Fv2%2Fcategories&post=2518"},{"taxonomy":"post_tag","embeddable":true,"href":"https:\/\/dobrezrodla.com\/index.php?rest_route=%2Fwp%2Fv2%2Ftags&post=2518"}],"curies":[{"name":"wp","href":"https:\/\/api.w.org\/{rel}","templated":true}]}}