{"id":2533,"date":"2025-08-08T06:42:52","date_gmt":"2025-08-08T06:42:52","guid":{"rendered":"https:\/\/dobrezrodla.com\/?p=2533"},"modified":"2025-08-08T06:42:52","modified_gmt":"2025-08-08T06:42:52","slug":"nie-21-a-71-obietnic-nawrocki-juz-spozniony-z-realizacja-pierwszych-terminow","status":"publish","type":"post","link":"https:\/\/dobrezrodla.com\/?p=2533","title":{"rendered":"Nie 21, a 71 obietnic! Nawrocki ju\u017c sp\u00f3\u017aniony z realizacj\u0105 pierwszych termin\u00f3w"},"content":{"rendered":"\n<p>Karol Nawrocki w inauguracyjnym or\u0119dziu przypomnia\u0142 sw\u00f3j \u201ePlan 21\u201d i obieca\u0142, \u017ce jego prezydentura \u201eprzywr\u00f3ci wiar\u0119 w sk\u0142adane obietnice\u201d. Problem w tym, \u017ce jego deklaracje z kampanii by\u0142y znacznie szersze ni\u017c sam plan \u2013 dziennikarze wyliczyli, \u017ce w sumie z\u0142o\u017cy\u0142 a\u017c <strong>71 obietnic<\/strong>. Cz\u0119\u015b\u0107 z nich mia\u0142a konkretne daty realizacji\u2026 i ju\u017c wiadomo, \u017ce pierwsze terminy zosta\u0142y przesuni\u0119te.<\/p>\n\n\n\n<p>Opr\u00f3cz punkt\u00f3w z Planu 21 \u2013 takich jak obrona polskiego z\u0142otego, budowa CPK czy utrzymanie wieku emerytalnego \u2013 Nawrocki podpisywa\u0142 kolejne listy postulat\u00f3w: od deklaracji le\u015bno-przyrodniczej, przez umow\u0119 z \u201eSolidarno\u015bci\u0105\u201d, po tzw. list\u0119 Mentzena. W zamian zyskiwa\u0142 poparcie r\u00f3\u017cnych \u015brodowisk.<\/p>\n\n\n\n<p>W kampanii pada\u0142y te\u017c szczeg\u00f3\u0142owe daty. 6 sierpnia 2025 r., w dniu zaprzysi\u0119\u017cenia, mia\u0142y trafi\u0107 do Sejmu projekty ustaw m.in. o obni\u017cce VAT, zniesieniu podatku Belki, podwy\u017cszeniu drugiego progu podatkowego, czy zerowym PIT dla rodzin z co najmniej dwojgiem dzieci. Ani 6., ani 7. sierpnia \u017caden z tych projekt\u00f3w nie zosta\u0142 z\u0142o\u017cony \u2013 prezydent og\u0142osi\u0142 jedynie, \u017ce jego pierwsz\u0105 inicjatyw\u0105 b\u0119dzie ustawa przywracaj\u0105ca CPK \u201edo tradycyjnego kszta\u0142tu\u201d.<\/p>\n\n\n\n<p>Szef Kancelarii Prezydenta Zbigniew Bogucki przyzna\u0142 w Polsat News, \u017ce prezydent \u201enie ma takiej sprawczo\u015bci, aby przeg\u0142osowa\u0107 swoje pomys\u0142y w Sejmie\u201d, cho\u0107 zapewni\u0142, \u017ce inicjatywy b\u0119d\u0105 podejmowane. Krytycy przypominaj\u0105 jednak, \u017ce w kampanii Nawrocki gwarantowa\u0142 m.in. 33-procentow\u0105 obni\u017ck\u0119 rachunk\u00f3w za pr\u0105d w ci\u0105gu pierwszych 100 dni kadencji \u2013 co oznacza, \u017ce ma czas tylko do 14 listopada.<\/p>\n","protected":false},"excerpt":{"rendered":"<p>Karol Nawrocki w inauguracyjnym or\u0119dziu przypomnia\u0142 sw\u00f3j \u201ePlan 21\u201d i obieca\u0142, \u017ce jego prezydentura \u201eprzywr\u00f3ci wiar\u0119 w sk\u0142adane obietnice\u201d. Problem w tym, \u017ce jego deklaracje z kampanii by\u0142y znacznie szersze ni\u017c sam plan \u2013 dziennikarze wyliczyli, \u017ce w sumie z\u0142o\u017cy\u0142 a\u017c 71 obietnic. Cz\u0119\u015b\u0107 z nich mia\u0142a konkretne daty realizacji\u2026 i ju\u017c wiadomo, \u017ce pierwsze &#8230; <a title=\"Nie 21, a 71 obietnic! Nawrocki ju\u017c sp\u00f3\u017aniony z realizacj\u0105 pierwszych termin\u00f3w\" class=\"read-more\" href=\"https:\/\/dobrezrodla.com\/?p=2533\" aria-label=\"Read more about Nie 21, a 71 obietnic! Nawrocki ju\u017c sp\u00f3\u017aniony z realizacj\u0105 pierwszych termin\u00f3w\">Read more<\/a><\/p>\n","protected":false},"author":1,"featured_media":2534,"comment_status":"open","ping_status":"open","sticky":false,"template":"","format":"standard","meta":{"footnotes":""},"categories":[1],"tags":[],"class_list":["post-2533","post","type-post","status-publish","format-standard","has-post-thumbnail","hentry","category-uncategorized"],"_links":{"self":[{"href":"https:\/\/dobrezrodla.com\/index.php?rest_route=\/wp\/v2\/posts\/2533","targetHints":{"allow":["GET"]}}],"collection":[{"href":"https:\/\/dobrezrodla.com\/index.php?rest_route=\/wp\/v2\/posts"}],"about":[{"href":"https:\/\/dobrezrodla.com\/index.php?rest_route=\/wp\/v2\/types\/post"}],"author":[{"embeddable":true,"href":"https:\/\/dobrezrodla.com\/index.php?rest_route=\/wp\/v2\/users\/1"}],"replies":[{"embeddable":true,"href":"https:\/\/dobrezrodla.com\/index.php?rest_route=%2Fwp%2Fv2%2Fcomments&post=2533"}],"version-history":[{"count":1,"href":"https:\/\/dobrezrodla.com\/index.php?rest_route=\/wp\/v2\/posts\/2533\/revisions"}],"predecessor-version":[{"id":2535,"href":"https:\/\/dobrezrodla.com\/index.php?rest_route=\/wp\/v2\/posts\/2533\/revisions\/2535"}],"wp:featuredmedia":[{"embeddable":true,"href":"https:\/\/dobrezrodla.com\/index.php?rest_route=\/wp\/v2\/media\/2534"}],"wp:attachment":[{"href":"https:\/\/dobrezrodla.com\/index.php?rest_route=%2Fwp%2Fv2%2Fmedia&parent=2533"}],"wp:term":[{"taxonomy":"category","embeddable":true,"href":"https:\/\/dobrezrodla.com\/index.php?rest_route=%2Fwp%2Fv2%2Fcategories&post=2533"},{"taxonomy":"post_tag","embeddable":true,"href":"https:\/\/dobrezrodla.com\/index.php?rest_route=%2Fwp%2Fv2%2Ftags&post=2533"}],"curies":[{"name":"wp","href":"https:\/\/api.w.org\/{rel}","templated":true}]}}