{"id":2544,"date":"2025-08-08T20:35:07","date_gmt":"2025-08-08T20:35:07","guid":{"rendered":"https:\/\/dobrezrodla.com\/?p=2544"},"modified":"2025-08-08T20:35:07","modified_gmt":"2025-08-08T20:35:07","slug":"zlapalem-sie-za-glowe-tusk-wprost-do-nawrockiego-w-sprawie-ustawy-wiatrakowej-stawka-sa-rachunki-milionow-polakow","status":"publish","type":"post","link":"https:\/\/dobrezrodla.com\/?p=2544","title":{"rendered":"\u201eZ\u0142apa\u0142em si\u0119 za g\u0142ow\u0119!\u201d \u2013 Tusk wprost do Nawrockiego w sprawie ustawy wiatrakowej. Stawk\u0105 s\u0105 rachunki milion\u00f3w Polak\u00f3w\u2026"},"content":{"rendered":"\n<p>Premier Donald Tusk ostro zareagowa\u0142 na sygna\u0142y p\u0142yn\u0105ce z otoczenia prezydenta Karola Nawrockiego, \u017ce nowa g\u0142owa pa\u0144stwa mo\u017ce wstrzyma\u0107 si\u0119 z podpisaniem nowelizacji tzw. ustawy wiatrakowej. Podczas konferencji prasowej w M\u0119cinie przyzna\u0142, \u017ce gdy us\u0142ysza\u0142 t\u0119 sugesti\u0119, \u201ez\u0142apa\u0142 si\u0119 za g\u0142ow\u0119\u201d.<\/p>\n\n\n\n<p>Chodzi o dokument, kt\u00f3ry opr\u00f3cz liberalizacji przepis\u00f3w dotycz\u0105cych budowy l\u0105dowych farm wiatrowych, zawiera tak\u017ce zapis o przed\u0142u\u017ceniu zamro\u017cenia cen pr\u0105du dla gospodarstw domowych do ko\u0144ca 2025 roku. Obecnie mro\u017cenie obowi\u0105zuje tylko do ko\u0144ca wrze\u015bnia, a utrzymanie niskich rachunk\u00f3w \u2013 zdaniem rz\u0105du \u2013 zale\u017cy w\u0142a\u015bnie od wej\u015bcia w \u017cycie tej nowelizacji.<\/p>\n\n\n\n<p>Szef Kancelarii Prezydenta RP, Zbigniew Bogucki, nazwa\u0142 ustaw\u0119 \u201enieudolnym sid\u0142em\u201d zastawionym zar\u00f3wno na poprzedniego prezydenta Andrzeja Dud\u0119, jak i na Karola Nawrockiego. Zwr\u00f3ci\u0142 te\u017c uwag\u0119 na w\u0105tpliwo\u015bci dotycz\u0105ce konstytucyjno\u015bci, podkre\u015blaj\u0105c, \u017ce w Senacie dodano do projektu \u201eolbrzymi\u0105 liczb\u0119 poprawek\u201d, zmieniaj\u0105cych jego istot\u0119.<\/p>\n\n\n\n<p>Tusk jednak broni ustawy, argumentuj\u0105c, \u017ce zawiera ona dwa kluczowe elementy: utrzymanie zamro\u017conych cen energii oraz u\u0142atwienia dla inwestycji w najta\u0144sze obecnie \u017ar\u00f3d\u0142a pr\u0105du \u2013 wiatraki na l\u0105dzie. Przypomnia\u0142, \u017ce Karol Nawrocki w kampanii deklarowa\u0142 ch\u0119\u0107 obni\u017cenia cen energii o 30% w trzy miesi\u0105ce, ale \u2013 jak stwierdzi\u0142 premier \u2013 \u201eceny pr\u0105du nie spadaj\u0105 od deklaracji, tylko od konkretnych dzia\u0142a\u0144 i inwestycji\u201d.<\/p>\n\n\n\n<p>\u2013 Je\u015bli prezydent zacznie swoj\u0105 kadencj\u0119 od wetowania kluczowych ustaw, tak jak Andrzej Duda, to b\u0119dzie to bardzo \u017ale o nim \u015bwiadczy\u0142o \u2013 ostrzeg\u0142 Tusk, apeluj\u0105c bezpo\u015brednio: \u201ePanie prezydencie, je\u015bli pan mnie widzi, prosz\u0119 w takich oczywistych sprawach pomaga\u0107, a nie przeszkadza\u0107\u201d.<\/p>\n\n\n\n<p>Do podpisania ustawy wezwa\u0142 tak\u017ce minister energii Mi\u0142osz Motyka, podkre\u015blaj\u0105c, \u017ce odnawialne \u017ar\u00f3d\u0142a energii to obecnie najta\u0144szy spos\u00f3b wytwarzania pr\u0105du i \u017ce ustawa chroni interesy lokalnych spo\u0142eczno\u015bci. Zapewni\u0142, \u017ce \u017cadna inwestycja nie powstanie bez ich zgody.<\/p>\n\n\n\n<p>W przypadku weta prezydenta rz\u0105d rozwa\u017ca z\u0142o\u017cenie odr\u0119bnego projektu ustawy, kt\u00f3ry obejmowa\u0142by wy\u0142\u0105cznie przed\u0142u\u017cenie mro\u017cenia cen energii \u2013 bez cz\u0119\u015bci wiatrakowej. Alternatywnie, mo\u017cliwe jest te\u017c dostosowanie taryf, kt\u00f3re \u2013 wed\u0142ug ministra \u2013 i tak powinny spa\u015b\u0107 w najbli\u017cszym czasie.<\/p>\n","protected":false},"excerpt":{"rendered":"<p>Premier Donald Tusk ostro zareagowa\u0142 na sygna\u0142y p\u0142yn\u0105ce z otoczenia prezydenta Karola Nawrockiego, \u017ce nowa g\u0142owa pa\u0144stwa mo\u017ce wstrzyma\u0107 si\u0119 z podpisaniem nowelizacji tzw. ustawy wiatrakowej. Podczas konferencji prasowej w M\u0119cinie przyzna\u0142, \u017ce gdy us\u0142ysza\u0142 t\u0119 sugesti\u0119, \u201ez\u0142apa\u0142 si\u0119 za g\u0142ow\u0119\u201d. Chodzi o dokument, kt\u00f3ry opr\u00f3cz liberalizacji przepis\u00f3w dotycz\u0105cych budowy l\u0105dowych farm wiatrowych, zawiera tak\u017ce &#8230; <a title=\"\u201eZ\u0142apa\u0142em si\u0119 za g\u0142ow\u0119!\u201d \u2013 Tusk wprost do Nawrockiego w sprawie ustawy wiatrakowej. Stawk\u0105 s\u0105 rachunki milion\u00f3w Polak\u00f3w\u2026\" class=\"read-more\" href=\"https:\/\/dobrezrodla.com\/?p=2544\" aria-label=\"Read more about \u201eZ\u0142apa\u0142em si\u0119 za g\u0142ow\u0119!\u201d \u2013 Tusk wprost do Nawrockiego w sprawie ustawy wiatrakowej. Stawk\u0105 s\u0105 rachunki milion\u00f3w Polak\u00f3w\u2026\">Read more<\/a><\/p>\n","protected":false},"author":1,"featured_media":2545,"comment_status":"open","ping_status":"open","sticky":false,"template":"","format":"standard","meta":{"footnotes":""},"categories":[1],"tags":[],"class_list":["post-2544","post","type-post","status-publish","format-standard","has-post-thumbnail","hentry","category-uncategorized"],"_links":{"self":[{"href":"https:\/\/dobrezrodla.com\/index.php?rest_route=\/wp\/v2\/posts\/2544","targetHints":{"allow":["GET"]}}],"collection":[{"href":"https:\/\/dobrezrodla.com\/index.php?rest_route=\/wp\/v2\/posts"}],"about":[{"href":"https:\/\/dobrezrodla.com\/index.php?rest_route=\/wp\/v2\/types\/post"}],"author":[{"embeddable":true,"href":"https:\/\/dobrezrodla.com\/index.php?rest_route=\/wp\/v2\/users\/1"}],"replies":[{"embeddable":true,"href":"https:\/\/dobrezrodla.com\/index.php?rest_route=%2Fwp%2Fv2%2Fcomments&post=2544"}],"version-history":[{"count":1,"href":"https:\/\/dobrezrodla.com\/index.php?rest_route=\/wp\/v2\/posts\/2544\/revisions"}],"predecessor-version":[{"id":2546,"href":"https:\/\/dobrezrodla.com\/index.php?rest_route=\/wp\/v2\/posts\/2544\/revisions\/2546"}],"wp:featuredmedia":[{"embeddable":true,"href":"https:\/\/dobrezrodla.com\/index.php?rest_route=\/wp\/v2\/media\/2545"}],"wp:attachment":[{"href":"https:\/\/dobrezrodla.com\/index.php?rest_route=%2Fwp%2Fv2%2Fmedia&parent=2544"}],"wp:term":[{"taxonomy":"category","embeddable":true,"href":"https:\/\/dobrezrodla.com\/index.php?rest_route=%2Fwp%2Fv2%2Fcategories&post=2544"},{"taxonomy":"post_tag","embeddable":true,"href":"https:\/\/dobrezrodla.com\/index.php?rest_route=%2Fwp%2Fv2%2Ftags&post=2544"}],"curies":[{"name":"wp","href":"https:\/\/api.w.org\/{rel}","templated":true}]}}