{"id":2547,"date":"2025-08-08T20:35:54","date_gmt":"2025-08-08T20:35:54","guid":{"rendered":"https:\/\/dobrezrodla.com\/?p=2547"},"modified":"2025-08-08T20:35:54","modified_gmt":"2025-08-08T20:35:54","slug":"nawrocki-rusza-z-ofensywa-dwa-projekty-ustaw-zmiany-kadrowe-i-wizyty-w-miastach-pierwsze-decyzje-nowego-prezydenta-juz-w-tym-tygodniu","status":"publish","type":"post","link":"https:\/\/dobrezrodla.com\/?p=2547","title":{"rendered":"Nawrocki rusza z ofensyw\u0105 \u2013 dwa projekty ustaw, zmiany kadrowe i wizyty w miastach. Pierwsze decyzje nowego prezydenta ju\u017c w tym tygodniu\u2026"},"content":{"rendered":"\n<p>Pierwsze dni prezydentury Karola Nawrockiego zapowiadaj\u0105 si\u0119 wyj\u0105tkowo intensywnie. Nowa g\u0142owa pa\u0144stwa planuje w czwartek i pi\u0105tek zaprezentowa\u0107 dwa projekty ustaw, odwiedzi\u0107 mieszka\u0144c\u00f3w dw\u00f3ch miast oraz powo\u0142a\u0107 kluczowych wsp\u00f3\u0142pracownik\u00f3w w Kancelarii Prezydenta i Biurze Bezpiecze\u0144stwa Narodowego.<\/p>\n\n\n\n<p>Jak poinformowa\u0142 rzecznik prezydenta Rafa\u0142 Le\u015bkiewicz, w czwartek po po\u0142udniu Nawrocki pojawi si\u0119 w Kaliszu, gdzie przedstawi projekt ustawy o Centralnym Porcie Komunikacyjnym. Ma to by\u0107 szeroka wersja projektu przygotowana wcze\u015bniej przez rz\u0105d Zjednoczonej Prawicy, uwzgl\u0119dniaj\u0105ca m.in. kolejowe \u201eszprychy\u201d \u0142\u0105cz\u0105ce CPK z r\u00f3\u017cnymi regionami kraju. Jeszcze tego samego dnia dokument ma trafi\u0107 na biurko marsza\u0142ka Sejmu jako pierwsza inicjatywa ustawodawcza nowego prezydenta.<\/p>\n\n\n\n<p>Czwartek b\u0119dzie te\u017c dniem zmian kadrowych w Pa\u0142acu Prezydenckim \u2013 o godz. 11 zaplanowano uroczyste powo\u0142anie ministr\u00f3w w kancelarii oraz nowych szef\u00f3w Biura Bezpiecze\u0144stwa Narodowego. Nazwiska nie powinny by\u0107 zaskoczeniem \u2013 Nawrocki jeszcze przed zaprzysi\u0119\u017ceniem ujawni\u0142, kogo zaprosi do wsp\u00f3\u0142pracy.<\/p>\n\n\n\n<p>Kolejnym punktem w kalendarzu jest mo\u017cliwe spotkanie z ministrem spraw zagranicznych Rados\u0142awem Sikorskim. Jak przyzna\u0142 prezydencki minister ds. mi\u0119dzynarodowych Marcin Przydacz, konkretnej daty jeszcze nie ustalono, ale zaproszenie ma wkr\u00f3tce zosta\u0107 wystosowane. Rozmowa dotyczy\u0107 b\u0119dzie m.in. przeci\u0105gaj\u0105cego si\u0119 sporu o nominacje ambasadorskie, kt\u00f3ry w czasie prezydentury Andrzeja Dudy doprowadzi\u0142 do powa\u017cnego konfliktu z rz\u0105dem.<\/p>\n\n\n\n<p>W pi\u0105tek prezydent odwiedzi Kolbuszow\u0105 na Podkarpaciu, gdzie zaprezentuje drugi projekt \u2013 tym razem wchodz\u0105cy w sk\u0142ad tzw. \u201epancerza podatkowego\u201d. Szczeg\u00f3\u0142y tej propozycji pozostaj\u0105 na razie tajemnic\u0105, ale Le\u015bkiewicz zapowiedzia\u0142, \u017ce maj\u0105 one zosta\u0107 ujawnione w\u0142a\u015bnie podczas tego spotkania z mieszka\u0144cami.<\/p>\n\n\n\n<p>W rozmowie z dziennikarzami rzecznik prezydenta odni\u00f3s\u0142 si\u0119 tak\u017ce do kwestii miejsca zamieszkania nowej pary prezydenckiej. Karol i Marta Nawroccy wraz z rodzin\u0105 na razie wprowadz\u0105 si\u0119 do Belwederu \u2013 apartamenty w Pa\u0142acu Prezydenckim, kt\u00f3re do tej pory zajmowa\u0142 Andrzej Duda, wymagaj\u0105 bowiem remontu.<\/p>\n","protected":false},"excerpt":{"rendered":"<p>Pierwsze dni prezydentury Karola Nawrockiego zapowiadaj\u0105 si\u0119 wyj\u0105tkowo intensywnie. Nowa g\u0142owa pa\u0144stwa planuje w czwartek i pi\u0105tek zaprezentowa\u0107 dwa projekty ustaw, odwiedzi\u0107 mieszka\u0144c\u00f3w dw\u00f3ch miast oraz powo\u0142a\u0107 kluczowych wsp\u00f3\u0142pracownik\u00f3w w Kancelarii Prezydenta i Biurze Bezpiecze\u0144stwa Narodowego. Jak poinformowa\u0142 rzecznik prezydenta Rafa\u0142 Le\u015bkiewicz, w czwartek po po\u0142udniu Nawrocki pojawi si\u0119 w Kaliszu, gdzie przedstawi projekt ustawy &#8230; <a title=\"Nawrocki rusza z ofensyw\u0105 \u2013 dwa projekty ustaw, zmiany kadrowe i wizyty w miastach. Pierwsze decyzje nowego prezydenta ju\u017c w tym tygodniu\u2026\" class=\"read-more\" href=\"https:\/\/dobrezrodla.com\/?p=2547\" aria-label=\"Read more about Nawrocki rusza z ofensyw\u0105 \u2013 dwa projekty ustaw, zmiany kadrowe i wizyty w miastach. Pierwsze decyzje nowego prezydenta ju\u017c w tym tygodniu\u2026\">Read more<\/a><\/p>\n","protected":false},"author":1,"featured_media":2548,"comment_status":"open","ping_status":"open","sticky":false,"template":"","format":"standard","meta":{"footnotes":""},"categories":[1],"tags":[],"class_list":["post-2547","post","type-post","status-publish","format-standard","has-post-thumbnail","hentry","category-uncategorized"],"_links":{"self":[{"href":"https:\/\/dobrezrodla.com\/index.php?rest_route=\/wp\/v2\/posts\/2547","targetHints":{"allow":["GET"]}}],"collection":[{"href":"https:\/\/dobrezrodla.com\/index.php?rest_route=\/wp\/v2\/posts"}],"about":[{"href":"https:\/\/dobrezrodla.com\/index.php?rest_route=\/wp\/v2\/types\/post"}],"author":[{"embeddable":true,"href":"https:\/\/dobrezrodla.com\/index.php?rest_route=\/wp\/v2\/users\/1"}],"replies":[{"embeddable":true,"href":"https:\/\/dobrezrodla.com\/index.php?rest_route=%2Fwp%2Fv2%2Fcomments&post=2547"}],"version-history":[{"count":1,"href":"https:\/\/dobrezrodla.com\/index.php?rest_route=\/wp\/v2\/posts\/2547\/revisions"}],"predecessor-version":[{"id":2549,"href":"https:\/\/dobrezrodla.com\/index.php?rest_route=\/wp\/v2\/posts\/2547\/revisions\/2549"}],"wp:featuredmedia":[{"embeddable":true,"href":"https:\/\/dobrezrodla.com\/index.php?rest_route=\/wp\/v2\/media\/2548"}],"wp:attachment":[{"href":"https:\/\/dobrezrodla.com\/index.php?rest_route=%2Fwp%2Fv2%2Fmedia&parent=2547"}],"wp:term":[{"taxonomy":"category","embeddable":true,"href":"https:\/\/dobrezrodla.com\/index.php?rest_route=%2Fwp%2Fv2%2Fcategories&post=2547"},{"taxonomy":"post_tag","embeddable":true,"href":"https:\/\/dobrezrodla.com\/index.php?rest_route=%2Fwp%2Fv2%2Ftags&post=2547"}],"curies":[{"name":"wp","href":"https:\/\/api.w.org\/{rel}","templated":true}]}}