{"id":2550,"date":"2025-08-08T20:38:01","date_gmt":"2025-08-08T20:38:01","guid":{"rendered":"https:\/\/dobrezrodla.com\/?p=2550"},"modified":"2025-08-08T20:38:02","modified_gmt":"2025-08-08T20:38:02","slug":"cham-do-dziennikarza-kaczynski-znow-wywolal-burze-jest-wniosek-o-ukaranie","status":"publish","type":"post","link":"https:\/\/dobrezrodla.com\/?p=2550","title":{"rendered":"\u201eCham\u201d do dziennikarza. Kaczy\u0144ski zn\u00f3w wywo\u0142a\u0142 burz\u0119 \u2013 jest wniosek o ukaranie!"},"content":{"rendered":"\n<p>W \u015brod\u0119 europose\u0142 Koalicji Obywatelskiej Krzysztof Brejza z\u0142o\u017cy\u0142 oficjalny wniosek do sejmowej Komisji Etyki Poselskiej, domagaj\u0105c si\u0119 ukarania prezesa Prawa i Sprawiedliwo\u015bci Jaros\u0142awa Kaczy\u0144skiego. Powodem jest obra\u017aliwe okre\u015blenie, kt\u00f3rego Kaczy\u0144ski u\u017cy\u0142 wobec dziennikarza TVN24 Radomira Wita, nazywaj\u0105c go \u201echamem\u201d.<\/p>\n\n\n\n<p>Do zdarzenia dosz\u0142o po zaprzysi\u0119\u017ceniu nowego prezydenta Karola Nawrockiego. Prezes PiS opuszcza\u0142 w\u00f3wczas gmach Sejmu, gdy reporter TVN24 zapyta\u0142 go o jedn\u0105 z zapowiedzi Nawrockiego \u2013 utworzenie \u201erady do spraw naprawy ustroju pa\u0144stwa\u201d. Wit chcia\u0142 si\u0119 dowiedzie\u0107, czy wed\u0142ug Kaczy\u0144skiego rada ta mia\u0142aby naprawia\u0107 skutki zmian w wymiarze sprawiedliwo\u015bci wprowadzonych przez rz\u0105d PiS.<\/p>\n\n\n\n<p>W rozmow\u0119 w\u0142\u0105czy\u0142a si\u0119 pos\u0142anka Joanna Lichocka, a wymiana zda\u0144 mi\u0119dzy dziennikarzem a politykami stawa\u0142a si\u0119 coraz bardziej napi\u0119ta. W pewnym momencie Jaros\u0142aw Kaczy\u0144ski zako\u0144czy\u0142 dialog kr\u00f3tkim, obra\u017aliwym komentarzem: \u201ePan jest chamem\u201d.<\/p>\n\n\n\n<p>Krzysztof Brejza w mediach spo\u0142eczno\u015bciowych poinformowa\u0142, \u017ce jego zdaniem takie s\u0142owa s\u0105 \u201epo raz kolejny przyk\u0142adem u\u017cywania hejterskiego j\u0119zyka\u201d przez lidera PiS. Do wpisu do\u0142\u0105czy\u0142 skan z\u0142o\u017conego wniosku, w kt\u00f3rym podkre\u015bla, \u017ce wypowied\u017a Kaczy\u0144skiego jest \u201eskrajnie nieakceptowalna w przestrzeni publicznej, a tym bardziej nie przystoi parlamentarzy\u015bcie\u201d.<\/p>\n\n\n\n<p>Wed\u0142ug Brejzy, obra\u017canie dziennikarza wykonuj\u0105cego obowi\u0105zki s\u0142u\u017cbowe nie tylko narusza zasady etyki poselskiej, ale tak\u017ce godzi w konstytucyjn\u0105 wolno\u015b\u0107 s\u0142owa i prasy. W dokumencie zaznaczy\u0142, \u017ce takie zachowania mog\u0105 podwa\u017ca\u0107 zaufanie do parlamentu i tworzy\u0107 atmosfer\u0119 zastraszania wobec przedstawicieli medi\u00f3w, kt\u00f3rzy maj\u0105 prawo zadawa\u0107 pytania osobom pe\u0142ni\u0105cym funkcje publiczne.<\/p>\n\n\n\n<p>Europose\u0142 przypomnia\u0142 r\u00f3wnie\u017c, \u017ce nie jest to pierwszy raz, gdy Jaros\u0142aw Kaczy\u0144ski w ostrych s\u0142owach odnosi si\u0119 do dziennikarzy lub politycznych przeciwnik\u00f3w. \u2013 To tym bardziej uzasadnia potrzeb\u0119 formalnej reakcji Komisji Etyki Poselskiej \u2013 napisa\u0142 Brejza.<\/p>\n","protected":false},"excerpt":{"rendered":"<p>W \u015brod\u0119 europose\u0142 Koalicji Obywatelskiej Krzysztof Brejza z\u0142o\u017cy\u0142 oficjalny wniosek do sejmowej Komisji Etyki Poselskiej, domagaj\u0105c si\u0119 ukarania prezesa Prawa i Sprawiedliwo\u015bci Jaros\u0142awa Kaczy\u0144skiego. Powodem jest obra\u017aliwe okre\u015blenie, kt\u00f3rego Kaczy\u0144ski u\u017cy\u0142 wobec dziennikarza TVN24 Radomira Wita, nazywaj\u0105c go \u201echamem\u201d. Do zdarzenia dosz\u0142o po zaprzysi\u0119\u017ceniu nowego prezydenta Karola Nawrockiego. Prezes PiS opuszcza\u0142 w\u00f3wczas gmach Sejmu, gdy &#8230; <a title=\"\u201eCham\u201d do dziennikarza. Kaczy\u0144ski zn\u00f3w wywo\u0142a\u0142 burz\u0119 \u2013 jest wniosek o ukaranie!\" class=\"read-more\" href=\"https:\/\/dobrezrodla.com\/?p=2550\" aria-label=\"Read more about \u201eCham\u201d do dziennikarza. Kaczy\u0144ski zn\u00f3w wywo\u0142a\u0142 burz\u0119 \u2013 jest wniosek o ukaranie!\">Read more<\/a><\/p>\n","protected":false},"author":1,"featured_media":2551,"comment_status":"open","ping_status":"open","sticky":false,"template":"","format":"standard","meta":{"footnotes":""},"categories":[1],"tags":[],"class_list":["post-2550","post","type-post","status-publish","format-standard","has-post-thumbnail","hentry","category-uncategorized"],"_links":{"self":[{"href":"https:\/\/dobrezrodla.com\/index.php?rest_route=\/wp\/v2\/posts\/2550","targetHints":{"allow":["GET"]}}],"collection":[{"href":"https:\/\/dobrezrodla.com\/index.php?rest_route=\/wp\/v2\/posts"}],"about":[{"href":"https:\/\/dobrezrodla.com\/index.php?rest_route=\/wp\/v2\/types\/post"}],"author":[{"embeddable":true,"href":"https:\/\/dobrezrodla.com\/index.php?rest_route=\/wp\/v2\/users\/1"}],"replies":[{"embeddable":true,"href":"https:\/\/dobrezrodla.com\/index.php?rest_route=%2Fwp%2Fv2%2Fcomments&post=2550"}],"version-history":[{"count":1,"href":"https:\/\/dobrezrodla.com\/index.php?rest_route=\/wp\/v2\/posts\/2550\/revisions"}],"predecessor-version":[{"id":2552,"href":"https:\/\/dobrezrodla.com\/index.php?rest_route=\/wp\/v2\/posts\/2550\/revisions\/2552"}],"wp:featuredmedia":[{"embeddable":true,"href":"https:\/\/dobrezrodla.com\/index.php?rest_route=\/wp\/v2\/media\/2551"}],"wp:attachment":[{"href":"https:\/\/dobrezrodla.com\/index.php?rest_route=%2Fwp%2Fv2%2Fmedia&parent=2550"}],"wp:term":[{"taxonomy":"category","embeddable":true,"href":"https:\/\/dobrezrodla.com\/index.php?rest_route=%2Fwp%2Fv2%2Fcategories&post=2550"},{"taxonomy":"post_tag","embeddable":true,"href":"https:\/\/dobrezrodla.com\/index.php?rest_route=%2Fwp%2Fv2%2Ftags&post=2550"}],"curies":[{"name":"wp","href":"https:\/\/api.w.org\/{rel}","templated":true}]}}