{"id":2557,"date":"2025-08-09T20:22:50","date_gmt":"2025-08-09T20:22:50","guid":{"rendered":"https:\/\/dobrezrodla.com\/?p=2557"},"modified":"2025-08-09T20:22:51","modified_gmt":"2025-08-09T20:22:51","slug":"polityczny-wstrzas-w-ko-posel-zawieszony-po-szokujacym-incydencie-w-sejmie-szczegoly-mroza-krew-w-zylach","status":"publish","type":"post","link":"https:\/\/dobrezrodla.com\/?p=2557","title":{"rendered":"Polityczny wstrz\u0105s w KO! Pose\u0142 zawieszony po szokuj\u0105cym incydencie w Sejmie \u2013 szczeg\u00f3\u0142y mro\u017c\u0105 krew w \u017cy\u0142ach"},"content":{"rendered":"\n<p>Pose\u0142 Marcin J\u00f3zefaciuk na dwa miesi\u0105ce straci\u0142 prawa cz\u0142onka klubu parlamentarnego Koalicji Obywatelskiej. Decyzj\u0119 og\u0142osi\u0142 przewodnicz\u0105cy KO, Zbigniew Konwi\u0144ski, wskazuj\u0105c na dwa powody.<\/p>\n\n\n\n<p>Pierwszy z nich to g\u0142o\u015bny skandal z 4 sierpnia, kiedy to podczas posiedzenia Parlamentarnego Zespo\u0142u ds. Ochrony Dzieci w Procesie Rozstania Rodzic\u00f3w pojawi\u0142a si\u0119 osoba wcze\u015bniej skazana za przest\u0119pstwa seksualne wobec w\u0142asnego dziecka. Sprawa odbi\u0142a si\u0119 szerokim echem w mediach.<\/p>\n\n\n\n<p>Drugi pow\u00f3d dotyczy\u0142 wpis\u00f3w pos\u0142a w mediach spo\u0142eczno\u015bciowych, krytykuj\u0105cych dzia\u0142ania rz\u0105du w obszarze edukacji.<\/p>\n\n\n\n<p>J\u00f3zefaciuk, t\u0142umacz\u0105c si\u0119 z sytuacji, podkre\u015bli\u0142, \u017ce na posiedzenie zaproszono przedstawicieli zar\u00f3wno strony rz\u0105dowej, jak i NGO-s\u00f3w, a udzia\u0142 m\u00f3g\u0142 zg\u0142osi\u0107 ka\u017cdy obywatel. Weryfikacja uczestnik\u00f3w ogranicza\u0142a si\u0119 do sprawdzenia ich danych w biurze przepustek, bez sprawdzania rejestr\u00f3w przest\u0119pc\u00f3w. Jak twierdzi pose\u0142, jedno ze stowarzysze\u0144 zg\u0142osi\u0142o osob\u0119 z kryminaln\u0105 przesz\u0142o\u015bci\u0105, a on sam zosta\u0142 wprowadzony w b\u0142\u0105d co do charakteru jej czyn\u00f3w.<\/p>\n\n\n\n<p>Po nag\u0142o\u015bnieniu sprawy, zar\u00f3wno ta osoba, jak i stowarzyszenie, kt\u00f3re j\u0105 oddelegowa\u0142o, dosta\u0142y zakaz dalszego udzia\u0142u w pracach zespo\u0142u. J\u00f3zefaciuk z\u0142o\u017cy\u0142 te\u017c zawiadomienie do prokuratury i wniosek o szerszy dost\u0119p do danych z rejestr\u00f3w, aby unikn\u0105\u0107 podobnych sytuacji w przysz\u0142o\u015bci.<\/p>\n","protected":false},"excerpt":{"rendered":"<p>Pose\u0142 Marcin J\u00f3zefaciuk na dwa miesi\u0105ce straci\u0142 prawa cz\u0142onka klubu parlamentarnego Koalicji Obywatelskiej. Decyzj\u0119 og\u0142osi\u0142 przewodnicz\u0105cy KO, Zbigniew Konwi\u0144ski, wskazuj\u0105c na dwa powody. Pierwszy z nich to g\u0142o\u015bny skandal z 4 sierpnia, kiedy to podczas posiedzenia Parlamentarnego Zespo\u0142u ds. Ochrony Dzieci w Procesie Rozstania Rodzic\u00f3w pojawi\u0142a si\u0119 osoba wcze\u015bniej skazana za przest\u0119pstwa seksualne wobec w\u0142asnego &#8230; <a title=\"Polityczny wstrz\u0105s w KO! Pose\u0142 zawieszony po szokuj\u0105cym incydencie w Sejmie \u2013 szczeg\u00f3\u0142y mro\u017c\u0105 krew w \u017cy\u0142ach\" class=\"read-more\" href=\"https:\/\/dobrezrodla.com\/?p=2557\" aria-label=\"Read more about Polityczny wstrz\u0105s w KO! Pose\u0142 zawieszony po szokuj\u0105cym incydencie w Sejmie \u2013 szczeg\u00f3\u0142y mro\u017c\u0105 krew w \u017cy\u0142ach\">Read more<\/a><\/p>\n","protected":false},"author":1,"featured_media":2559,"comment_status":"open","ping_status":"open","sticky":false,"template":"","format":"standard","meta":{"footnotes":""},"categories":[1],"tags":[],"class_list":["post-2557","post","type-post","status-publish","format-standard","has-post-thumbnail","hentry","category-uncategorized"],"_links":{"self":[{"href":"https:\/\/dobrezrodla.com\/index.php?rest_route=\/wp\/v2\/posts\/2557","targetHints":{"allow":["GET"]}}],"collection":[{"href":"https:\/\/dobrezrodla.com\/index.php?rest_route=\/wp\/v2\/posts"}],"about":[{"href":"https:\/\/dobrezrodla.com\/index.php?rest_route=\/wp\/v2\/types\/post"}],"author":[{"embeddable":true,"href":"https:\/\/dobrezrodla.com\/index.php?rest_route=\/wp\/v2\/users\/1"}],"replies":[{"embeddable":true,"href":"https:\/\/dobrezrodla.com\/index.php?rest_route=%2Fwp%2Fv2%2Fcomments&post=2557"}],"version-history":[{"count":1,"href":"https:\/\/dobrezrodla.com\/index.php?rest_route=\/wp\/v2\/posts\/2557\/revisions"}],"predecessor-version":[{"id":2560,"href":"https:\/\/dobrezrodla.com\/index.php?rest_route=\/wp\/v2\/posts\/2557\/revisions\/2560"}],"wp:featuredmedia":[{"embeddable":true,"href":"https:\/\/dobrezrodla.com\/index.php?rest_route=\/wp\/v2\/media\/2559"}],"wp:attachment":[{"href":"https:\/\/dobrezrodla.com\/index.php?rest_route=%2Fwp%2Fv2%2Fmedia&parent=2557"}],"wp:term":[{"taxonomy":"category","embeddable":true,"href":"https:\/\/dobrezrodla.com\/index.php?rest_route=%2Fwp%2Fv2%2Fcategories&post=2557"},{"taxonomy":"post_tag","embeddable":true,"href":"https:\/\/dobrezrodla.com\/index.php?rest_route=%2Fwp%2Fv2%2Ftags&post=2557"}],"curies":[{"name":"wp","href":"https:\/\/api.w.org\/{rel}","templated":true}]}}