{"id":2588,"date":"2025-08-09T20:31:40","date_gmt":"2025-08-09T20:31:40","guid":{"rendered":"https:\/\/dobrezrodla.com\/?p=2588"},"modified":"2025-08-09T20:31:41","modified_gmt":"2025-08-09T20:31:41","slug":"trump-zaprasza-nawrockiego-do-bialego-domu-znamy-date-i-kulisy-spotkania","status":"publish","type":"post","link":"https:\/\/dobrezrodla.com\/?p=2588","title":{"rendered":"Trump zaprasza Nawrockiego do Bia\u0142ego Domu! Znamy dat\u0119 i kulisy spotkania"},"content":{"rendered":"\n<p>Donald Trump oficjalnie zaprosi\u0142 prezydenta Karola Nawrockiego do Bia\u0142ego Domu. Jak poinformowa\u0142 szef gabinetu prezydenta, Pawe\u0142 Szefernaker, zaproszenie zosta\u0142o przekazane w li\u015bcie gratulacyjnym wr\u0119czonym podczas dnia zaprzysi\u0119\u017cenia.<\/p>\n\n\n\n<p>Pierwotnie planowano, \u017ce pierwsza wizyta zagraniczna Nawrockiego odb\u0119dzie si\u0119 w USA we wrze\u015bniu, przy okazji sesji Zgromadzenia Og\u00f3lnego ONZ w Nowym Jorku. <\/p>\n\n\n\n<p>Teraz wiadomo, \u017ce do Waszyngtonu uda si\u0119 wcze\u015bniej \u2013 3 wrze\u015bnia 2025 r., na oficjalne spotkanie robocze z ameryka\u0144skim prezydentem.<\/p>\n\n\n\n<p>Na inauguracji prezydentury Nawrockiego obecna by\u0142a delegacja USA z Kelly Loeffler na czele, kt\u00f3ra podkre\u015bli\u0142a wag\u0119 sojuszu polsko-ameryka\u0144skiego i zapowiedzia\u0142a dalsze zacie\u015bnianie wsp\u00f3\u0142pracy gospodarczej i w dziedzinie bezpiecze\u0144stwa. <\/p>\n\n\n\n<p>W ramach symbolicznego gestu przekazano Nawrockiemu rze\u017ab\u0119 or\u0142a.<\/p>\n\n\n\n<p>B\u0119dzie to drugie spotkanie obu przyw\u00f3dc\u00f3w \u2013 pierwsze odby\u0142o si\u0119 w maju, jeszcze przed wyborami. <\/p>\n\n\n\n<p>Nawrocki wspomina\u0142 wtedy, \u017ce Trump powiedzia\u0142 mu \u201eyou will win\u201d, co potraktowa\u0142 jako wyraz poparcia.<\/p>\n","protected":false},"excerpt":{"rendered":"<p>Donald Trump oficjalnie zaprosi\u0142 prezydenta Karola Nawrockiego do Bia\u0142ego Domu. Jak poinformowa\u0142 szef gabinetu prezydenta, Pawe\u0142 Szefernaker, zaproszenie zosta\u0142o przekazane w li\u015bcie gratulacyjnym wr\u0119czonym podczas dnia zaprzysi\u0119\u017cenia. Pierwotnie planowano, \u017ce pierwsza wizyta zagraniczna Nawrockiego odb\u0119dzie si\u0119 w USA we wrze\u015bniu, przy okazji sesji Zgromadzenia Og\u00f3lnego ONZ w Nowym Jorku. Teraz wiadomo, \u017ce do Waszyngtonu uda &#8230; <a title=\"Trump zaprasza Nawrockiego do Bia\u0142ego Domu! Znamy dat\u0119 i kulisy spotkania\" class=\"read-more\" href=\"https:\/\/dobrezrodla.com\/?p=2588\" aria-label=\"Read more about Trump zaprasza Nawrockiego do Bia\u0142ego Domu! Znamy dat\u0119 i kulisy spotkania\">Read more<\/a><\/p>\n","protected":false},"author":1,"featured_media":2589,"comment_status":"open","ping_status":"open","sticky":false,"template":"","format":"standard","meta":{"footnotes":""},"categories":[1],"tags":[],"class_list":["post-2588","post","type-post","status-publish","format-standard","has-post-thumbnail","hentry","category-uncategorized"],"_links":{"self":[{"href":"https:\/\/dobrezrodla.com\/index.php?rest_route=\/wp\/v2\/posts\/2588","targetHints":{"allow":["GET"]}}],"collection":[{"href":"https:\/\/dobrezrodla.com\/index.php?rest_route=\/wp\/v2\/posts"}],"about":[{"href":"https:\/\/dobrezrodla.com\/index.php?rest_route=\/wp\/v2\/types\/post"}],"author":[{"embeddable":true,"href":"https:\/\/dobrezrodla.com\/index.php?rest_route=\/wp\/v2\/users\/1"}],"replies":[{"embeddable":true,"href":"https:\/\/dobrezrodla.com\/index.php?rest_route=%2Fwp%2Fv2%2Fcomments&post=2588"}],"version-history":[{"count":1,"href":"https:\/\/dobrezrodla.com\/index.php?rest_route=\/wp\/v2\/posts\/2588\/revisions"}],"predecessor-version":[{"id":2590,"href":"https:\/\/dobrezrodla.com\/index.php?rest_route=\/wp\/v2\/posts\/2588\/revisions\/2590"}],"wp:featuredmedia":[{"embeddable":true,"href":"https:\/\/dobrezrodla.com\/index.php?rest_route=\/wp\/v2\/media\/2589"}],"wp:attachment":[{"href":"https:\/\/dobrezrodla.com\/index.php?rest_route=%2Fwp%2Fv2%2Fmedia&parent=2588"}],"wp:term":[{"taxonomy":"category","embeddable":true,"href":"https:\/\/dobrezrodla.com\/index.php?rest_route=%2Fwp%2Fv2%2Fcategories&post=2588"},{"taxonomy":"post_tag","embeddable":true,"href":"https:\/\/dobrezrodla.com\/index.php?rest_route=%2Fwp%2Fv2%2Ftags&post=2588"}],"curies":[{"name":"wp","href":"https:\/\/api.w.org\/{rel}","templated":true}]}}