{"id":2603,"date":"2025-08-09T20:36:18","date_gmt":"2025-08-09T20:36:18","guid":{"rendered":"https:\/\/dobrezrodla.com\/?p=2603"},"modified":"2025-08-09T20:36:19","modified_gmt":"2025-08-09T20:36:19","slug":"polski-janukowycz-czy-partner-do-rozmow-ukraincy-mowia-co-naprawde-mysla-o-nawrockim","status":"publish","type":"post","link":"https:\/\/dobrezrodla.com\/?p=2603","title":{"rendered":"\u201ePolski Janukowycz\u201d czy partner do rozm\u00f3w? Ukrai\u0144cy m\u00f3wi\u0105, co naprawd\u0119 my\u015bl\u0105 o Nawrockim"},"content":{"rendered":"\n<p>Po zaprzysi\u0119\u017ceniu Karola Nawrockiego na prezydenta RP gratulacje z\u0142o\u017cy\u0142 mu Wo\u0142odymyr Ze\u0142enski, deklaruj\u0105c ch\u0119\u0107 \u201ekonstruktywnego i bezpo\u015bredniego dialogu\u201d. W Kijowie te s\u0142owa odebrano poprawnie, lecz bez entuzjazmu \u2014 kampania Nawrockiego budzi\u0142a tam obawy, szczeg\u00f3lnie jego wypowiedzi o braku miejsca dla Ukrainy w UE i NATO \u201edop\u00f3ki nie zostan\u0105 rozwi\u0105zane nasze sprawy historyczne\u201d.<\/p>\n\n\n\n<p>Cz\u0119\u015b\u0107 ukrai\u0144skich komentator\u00f3w nazywa\u0142a go wr\u0119cz \u201eukrainofobem\u201d czy \u201epolskim Janukowyczem\u201d. Dzi\u015b ton jest ostro\u017cniejszy \u2014 Kij\u00f3w liczy, \u017ce kluczowe kwestie, jak pomoc wojskowa, pozostan\u0105 niezmienione, cho\u0107 nikt nie spodziewa si\u0119 \u201echemii\u201d na miar\u0119 relacji Ze\u0142enski\u2013Duda.<\/p>\n\n\n\n<p>Sygna\u0142em poprawy by\u0142y m.in. wsp\u00f3lne polsko-ukrai\u0144skie ekshumacje we Lwowie tu\u017c przed zaprzysi\u0119\u017ceniem nowego prezydenta, co uciszy\u0142o cz\u0119\u015b\u0107 spor\u00f3w historycznych. Kolejnym pozytywem okaza\u0142 si\u0119 sk\u0142ad kancelarii prezydenta \u2014 brak Przemys\u0142awa Czarnka i nominacja Marcina Przydacza oceniono w Kijowie jako ruch sprzyjaj\u0105cy dialogowi.<\/p>\n\n\n\n<p>Mimo to temat Wo\u0142ynia pozostaje \u201ebumerangiem\u201d, szczeg\u00f3lnie po uchwaleniu w Polsce Narodowego Dnia Pami\u0119ci o ofiarach ludob\u00f3jstwa OUN-UPA. Kij\u00f3w obawia si\u0119, \u017ce Nawrocki mo\u017ce wykorzystywa\u0107 go do politycznej presji, utrudniaj\u0105c jednocze\u015bnie eurointegracj\u0119 Ukrainy.<\/p>\n\n\n\n<p>Eksperci podkre\u015blaj\u0105 jednak, \u017ce geografia i wsp\u00f3lne zagro\u017cenie ze strony Rosji wymuszaj\u0105 wsp\u00f3\u0142prac\u0119. Ukraina stawia na \u201eprogram minimum\u201d \u2013 unikanie eskalacji, r\u00f3wny dialog i stopniowe odbudowywanie zaufania. Prace ekshumacyjne, inicjatywy biznesowe i pragmatyczne podej\u015bcie do spor\u00f3w maj\u0105 by\u0107 fundamentem przysz\u0142ych relacji.<\/p>\n","protected":false},"excerpt":{"rendered":"<p>Po zaprzysi\u0119\u017ceniu Karola Nawrockiego na prezydenta RP gratulacje z\u0142o\u017cy\u0142 mu Wo\u0142odymyr Ze\u0142enski, deklaruj\u0105c ch\u0119\u0107 \u201ekonstruktywnego i bezpo\u015bredniego dialogu\u201d. W Kijowie te s\u0142owa odebrano poprawnie, lecz bez entuzjazmu \u2014 kampania Nawrockiego budzi\u0142a tam obawy, szczeg\u00f3lnie jego wypowiedzi o braku miejsca dla Ukrainy w UE i NATO \u201edop\u00f3ki nie zostan\u0105 rozwi\u0105zane nasze sprawy historyczne\u201d. Cz\u0119\u015b\u0107 ukrai\u0144skich komentator\u00f3w &#8230; <a title=\"\u201ePolski Janukowycz\u201d czy partner do rozm\u00f3w? Ukrai\u0144cy m\u00f3wi\u0105, co naprawd\u0119 my\u015bl\u0105 o Nawrockim\" class=\"read-more\" href=\"https:\/\/dobrezrodla.com\/?p=2603\" aria-label=\"Read more about \u201ePolski Janukowycz\u201d czy partner do rozm\u00f3w? Ukrai\u0144cy m\u00f3wi\u0105, co naprawd\u0119 my\u015bl\u0105 o Nawrockim\">Read more<\/a><\/p>\n","protected":false},"author":1,"featured_media":2604,"comment_status":"open","ping_status":"open","sticky":false,"template":"","format":"standard","meta":{"footnotes":""},"categories":[1],"tags":[],"class_list":["post-2603","post","type-post","status-publish","format-standard","has-post-thumbnail","hentry","category-uncategorized"],"_links":{"self":[{"href":"https:\/\/dobrezrodla.com\/index.php?rest_route=\/wp\/v2\/posts\/2603","targetHints":{"allow":["GET"]}}],"collection":[{"href":"https:\/\/dobrezrodla.com\/index.php?rest_route=\/wp\/v2\/posts"}],"about":[{"href":"https:\/\/dobrezrodla.com\/index.php?rest_route=\/wp\/v2\/types\/post"}],"author":[{"embeddable":true,"href":"https:\/\/dobrezrodla.com\/index.php?rest_route=\/wp\/v2\/users\/1"}],"replies":[{"embeddable":true,"href":"https:\/\/dobrezrodla.com\/index.php?rest_route=%2Fwp%2Fv2%2Fcomments&post=2603"}],"version-history":[{"count":1,"href":"https:\/\/dobrezrodla.com\/index.php?rest_route=\/wp\/v2\/posts\/2603\/revisions"}],"predecessor-version":[{"id":2605,"href":"https:\/\/dobrezrodla.com\/index.php?rest_route=\/wp\/v2\/posts\/2603\/revisions\/2605"}],"wp:featuredmedia":[{"embeddable":true,"href":"https:\/\/dobrezrodla.com\/index.php?rest_route=\/wp\/v2\/media\/2604"}],"wp:attachment":[{"href":"https:\/\/dobrezrodla.com\/index.php?rest_route=%2Fwp%2Fv2%2Fmedia&parent=2603"}],"wp:term":[{"taxonomy":"category","embeddable":true,"href":"https:\/\/dobrezrodla.com\/index.php?rest_route=%2Fwp%2Fv2%2Fcategories&post=2603"},{"taxonomy":"post_tag","embeddable":true,"href":"https:\/\/dobrezrodla.com\/index.php?rest_route=%2Fwp%2Fv2%2Ftags&post=2603"}],"curies":[{"name":"wp","href":"https:\/\/api.w.org\/{rel}","templated":true}]}}