{"id":2606,"date":"2025-08-09T20:36:57","date_gmt":"2025-08-09T20:36:57","guid":{"rendered":"https:\/\/dobrezrodla.com\/?p=2606"},"modified":"2025-08-09T20:36:57","modified_gmt":"2025-08-09T20:36:57","slug":"po-10-latach-w-palacu-duda-szykuje-nowy-rozdzial-cel-prestizowa-posada-w-swiatowej-elicie-sportu","status":"publish","type":"post","link":"https:\/\/dobrezrodla.com\/?p=2606","title":{"rendered":"Po 10 latach w Pa\u0142acu Duda szykuje nowy rozdzia\u0142. Cel? Presti\u017cowa posada w \u015bwiatowej elicie sportu"},"content":{"rendered":"\n<p>Andrzej Duda mo\u017ce wkr\u00f3tce zasi\u0105\u015b\u0107 w jednym z najbardziej presti\u017cowych gremi\u00f3w sportowych na \u015bwiecie. Jak ustali\u0142o RMF FM, Polski Komitet Olimpijski mia\u017cd\u017c\u0105c\u0105 przewag\u0105 g\u0142os\u00f3w zarekomendowa\u0142 by\u0142ego prezydenta do Mi\u0119dzynarodowego Komitetu Olimpijskiego. <\/p>\n\n\n\n<p>Ostateczne s\u0142owo nale\u017cy do MKOl, kt\u00f3ry ma podj\u0105\u0107 decyzj\u0119 na najbli\u017cszej corocznej sesji.<\/p>\n\n\n\n<p>Spekulacje o tym, \u017ce po zako\u0144czeniu drugiej kadencji Duda b\u0119dzie chcia\u0142 wej\u015b\u0107 w sk\u0142ad MKOl, pojawi\u0142y si\u0119 ju\u017c rok temu.<\/p>\n\n\n\n<p> Jak podkre\u015blali wtedy jego wsp\u00f3\u0142pracownicy, nie chodzi o fotel szefa organizacji, a jedynie o cz\u0142onkostwo.<\/p>\n\n\n\n<p>Rekomendacja Zarz\u0105du PKOl zosta\u0142a przyznana ju\u017c w grudniu 2024 roku, a teraz wszystko wskazuje na to, \u017ce scenariusz staje si\u0119 coraz bardziej realny.<\/p>\n\n\n\n<p>Sam by\u0142y prezydent unika jasnych deklaracji co do swojej przysz\u0142o\u015bci. Wspomina\u0142 o mo\u017cliwo\u015bci stworzenia w\u0142asnego think tanku zajmuj\u0105cego si\u0119 bezpiecze\u0144stwem mi\u0119dzynarodowym, ale bez podania konkretnych termin\u00f3w. Na razie zapowiada odpoczynek po dekadzie w Pa\u0142acu Prezydenckim.<\/p>\n","protected":false},"excerpt":{"rendered":"<p>Andrzej Duda mo\u017ce wkr\u00f3tce zasi\u0105\u015b\u0107 w jednym z najbardziej presti\u017cowych gremi\u00f3w sportowych na \u015bwiecie. Jak ustali\u0142o RMF FM, Polski Komitet Olimpijski mia\u017cd\u017c\u0105c\u0105 przewag\u0105 g\u0142os\u00f3w zarekomendowa\u0142 by\u0142ego prezydenta do Mi\u0119dzynarodowego Komitetu Olimpijskiego. Ostateczne s\u0142owo nale\u017cy do MKOl, kt\u00f3ry ma podj\u0105\u0107 decyzj\u0119 na najbli\u017cszej corocznej sesji. Spekulacje o tym, \u017ce po zako\u0144czeniu drugiej kadencji Duda b\u0119dzie chcia\u0142 &#8230; <a title=\"Po 10 latach w Pa\u0142acu Duda szykuje nowy rozdzia\u0142. Cel? Presti\u017cowa posada w \u015bwiatowej elicie sportu\" class=\"read-more\" href=\"https:\/\/dobrezrodla.com\/?p=2606\" aria-label=\"Read more about Po 10 latach w Pa\u0142acu Duda szykuje nowy rozdzia\u0142. Cel? Presti\u017cowa posada w \u015bwiatowej elicie sportu\">Read more<\/a><\/p>\n","protected":false},"author":1,"featured_media":2607,"comment_status":"open","ping_status":"open","sticky":false,"template":"","format":"standard","meta":{"footnotes":""},"categories":[1],"tags":[],"class_list":["post-2606","post","type-post","status-publish","format-standard","has-post-thumbnail","hentry","category-uncategorized"],"_links":{"self":[{"href":"https:\/\/dobrezrodla.com\/index.php?rest_route=\/wp\/v2\/posts\/2606","targetHints":{"allow":["GET"]}}],"collection":[{"href":"https:\/\/dobrezrodla.com\/index.php?rest_route=\/wp\/v2\/posts"}],"about":[{"href":"https:\/\/dobrezrodla.com\/index.php?rest_route=\/wp\/v2\/types\/post"}],"author":[{"embeddable":true,"href":"https:\/\/dobrezrodla.com\/index.php?rest_route=\/wp\/v2\/users\/1"}],"replies":[{"embeddable":true,"href":"https:\/\/dobrezrodla.com\/index.php?rest_route=%2Fwp%2Fv2%2Fcomments&post=2606"}],"version-history":[{"count":1,"href":"https:\/\/dobrezrodla.com\/index.php?rest_route=\/wp\/v2\/posts\/2606\/revisions"}],"predecessor-version":[{"id":2608,"href":"https:\/\/dobrezrodla.com\/index.php?rest_route=\/wp\/v2\/posts\/2606\/revisions\/2608"}],"wp:featuredmedia":[{"embeddable":true,"href":"https:\/\/dobrezrodla.com\/index.php?rest_route=\/wp\/v2\/media\/2607"}],"wp:attachment":[{"href":"https:\/\/dobrezrodla.com\/index.php?rest_route=%2Fwp%2Fv2%2Fmedia&parent=2606"}],"wp:term":[{"taxonomy":"category","embeddable":true,"href":"https:\/\/dobrezrodla.com\/index.php?rest_route=%2Fwp%2Fv2%2Fcategories&post=2606"},{"taxonomy":"post_tag","embeddable":true,"href":"https:\/\/dobrezrodla.com\/index.php?rest_route=%2Fwp%2Fv2%2Ftags&post=2606"}],"curies":[{"name":"wp","href":"https:\/\/api.w.org\/{rel}","templated":true}]}}