{"id":2629,"date":"2025-08-11T11:08:49","date_gmt":"2025-08-11T11:08:49","guid":{"rendered":"https:\/\/dobrezrodla.com\/?p=2629"},"modified":"2025-08-11T11:08:50","modified_gmt":"2025-08-11T11:08:50","slug":"warszawa-szykuje-sie-na-rekordowa-defilade-wojsko-pokaze-sprzet-jakiego-polacy-jeszcze-nie-widzieli","status":"publish","type":"post","link":"https:\/\/dobrezrodla.com\/?p=2629","title":{"rendered":"Warszawa szykuje si\u0119 na rekordow\u0105 defilad\u0119 \u2013 wojsko poka\u017ce sprz\u0119t, jakiego Polacy jeszcze nie widzieli"},"content":{"rendered":"\n<p>Minister obrony narodowej W\u0142adys\u0142aw Kosiniak-Kamysz zapowiedzia\u0142, \u017ce tegoroczna defilada z okazji \u015awi\u0119ta Wojska Polskiego b\u0119dzie najwi\u0119ksza w historii. <\/p>\n\n\n\n<p>Pr\u00f3ba generalna odby\u0142a si\u0119 w niedziel\u0119 w Warszawie, a w przygotowaniach uczestnicz\u0105 tysi\u0105ce \u017co\u0142nierzy, mimo \u017ce wielu z nich pe\u0142ni w tym czasie s\u0142u\u017cb\u0119 na granicach i Ba\u0142tyku.<\/p>\n\n\n\n<p>Genera\u0142 Wies\u0142aw Kuku\u0142a ujawni\u0142, \u017ce 80 procent uczestnik\u00f3w defilady to \u017co\u0142nierze, kt\u00f3rzy nigdy wcze\u015bniej w niej nie brali udzia\u0142u. <\/p>\n\n\n\n<p>W programie przewidziano prezentacj\u0119 nowych jednostek sprz\u0119towych oraz unikatowy akcent \u2013 po raz pierwszy w historii wezm\u0105 w niej udzia\u0142 \u017co\u0142nierze z Australii.<\/p>\n\n\n\n<p> W strukturze uczestnik\u00f3w znajdzie si\u0119 tak\u017ce 261 kobiet, w tym dow\u00f3dczynie czo\u0142g\u00f3w.<\/p>\n\n\n\n<p>Opr\u00f3cz widowiskowego przemarszu w Warszawie odb\u0119dzie si\u0119 tak\u017ce pierwsza w historii parada morska na Ba\u0142tyku, w pobli\u017cu Helu. <\/p>\n\n\n\n<p>Na wodach zaprezentuj\u0105 si\u0119 korwety, fregaty, niszczyciele min oraz jednostki ratownicze i hydrograficzne. <\/p>\n\n\n\n<p>Kosiniak-Kamysz podkre\u015bli\u0142, \u017ce wyj\u0105tkowo szerokie zaanga\u017cowanie samorz\u0105d\u00f3w i instytucji publicznych sprawi, i\u017c tegoroczne obchody b\u0119d\u0105 \u201ejedynymi w swoim rodzaju\u201d.<\/p>\n\n\n\n<p><\/p>\n","protected":false},"excerpt":{"rendered":"<p>Minister obrony narodowej W\u0142adys\u0142aw Kosiniak-Kamysz zapowiedzia\u0142, \u017ce tegoroczna defilada z okazji \u015awi\u0119ta Wojska Polskiego b\u0119dzie najwi\u0119ksza w historii. Pr\u00f3ba generalna odby\u0142a si\u0119 w niedziel\u0119 w Warszawie, a w przygotowaniach uczestnicz\u0105 tysi\u0105ce \u017co\u0142nierzy, mimo \u017ce wielu z nich pe\u0142ni w tym czasie s\u0142u\u017cb\u0119 na granicach i Ba\u0142tyku. Genera\u0142 Wies\u0142aw Kuku\u0142a ujawni\u0142, \u017ce 80 procent uczestnik\u00f3w defilady &#8230; <a title=\"Warszawa szykuje si\u0119 na rekordow\u0105 defilad\u0119 \u2013 wojsko poka\u017ce sprz\u0119t, jakiego Polacy jeszcze nie widzieli\" class=\"read-more\" href=\"https:\/\/dobrezrodla.com\/?p=2629\" aria-label=\"Read more about Warszawa szykuje si\u0119 na rekordow\u0105 defilad\u0119 \u2013 wojsko poka\u017ce sprz\u0119t, jakiego Polacy jeszcze nie widzieli\">Read more<\/a><\/p>\n","protected":false},"author":1,"featured_media":2630,"comment_status":"open","ping_status":"open","sticky":false,"template":"","format":"standard","meta":{"footnotes":""},"categories":[1],"tags":[],"class_list":["post-2629","post","type-post","status-publish","format-standard","has-post-thumbnail","hentry","category-uncategorized"],"_links":{"self":[{"href":"https:\/\/dobrezrodla.com\/index.php?rest_route=\/wp\/v2\/posts\/2629","targetHints":{"allow":["GET"]}}],"collection":[{"href":"https:\/\/dobrezrodla.com\/index.php?rest_route=\/wp\/v2\/posts"}],"about":[{"href":"https:\/\/dobrezrodla.com\/index.php?rest_route=\/wp\/v2\/types\/post"}],"author":[{"embeddable":true,"href":"https:\/\/dobrezrodla.com\/index.php?rest_route=\/wp\/v2\/users\/1"}],"replies":[{"embeddable":true,"href":"https:\/\/dobrezrodla.com\/index.php?rest_route=%2Fwp%2Fv2%2Fcomments&post=2629"}],"version-history":[{"count":1,"href":"https:\/\/dobrezrodla.com\/index.php?rest_route=\/wp\/v2\/posts\/2629\/revisions"}],"predecessor-version":[{"id":2631,"href":"https:\/\/dobrezrodla.com\/index.php?rest_route=\/wp\/v2\/posts\/2629\/revisions\/2631"}],"wp:featuredmedia":[{"embeddable":true,"href":"https:\/\/dobrezrodla.com\/index.php?rest_route=\/wp\/v2\/media\/2630"}],"wp:attachment":[{"href":"https:\/\/dobrezrodla.com\/index.php?rest_route=%2Fwp%2Fv2%2Fmedia&parent=2629"}],"wp:term":[{"taxonomy":"category","embeddable":true,"href":"https:\/\/dobrezrodla.com\/index.php?rest_route=%2Fwp%2Fv2%2Fcategories&post=2629"},{"taxonomy":"post_tag","embeddable":true,"href":"https:\/\/dobrezrodla.com\/index.php?rest_route=%2Fwp%2Fv2%2Ftags&post=2629"}],"curies":[{"name":"wp","href":"https:\/\/api.w.org\/{rel}","templated":true}]}}