{"id":2638,"date":"2025-08-11T11:20:46","date_gmt":"2025-08-11T11:20:46","guid":{"rendered":"https:\/\/dobrezrodla.com\/?p=2638"},"modified":"2025-08-11T11:20:47","modified_gmt":"2025-08-11T11:20:47","slug":"sondaz-polacy-podzieleni-w-ocenie-niezaleznosci-prezydenta-nawrockiego","status":"publish","type":"post","link":"https:\/\/dobrezrodla.com\/?p=2638","title":{"rendered":"Sonda\u017c: Polacy podzieleni w ocenie niezale\u017cno\u015bci prezydenta Nawrockiego"},"content":{"rendered":"\n<p>Z najnowszego badania Opinii24 dla RMF FM wynika, \u017ce 44 proc. Polak\u00f3w nie wierzy w niezale\u017cno\u015b\u0107 prezydenta Karola Nawrockiego od Prawa i Sprawiedliwo\u015bci. <\/p>\n\n\n\n<p>Na pytanie, czy b\u0119dzie on samodzielny i wolny od wp\u0142yw\u00f3w tej partii, 26 proc. odpowiedzia\u0142o \u201ezdecydowanie nie\u201d, a 18 proc. \u2013 \u201eraczej nie\u201d.<\/p>\n\n\n\n<p>Z kolei 28 proc. respondent\u00f3w uwa\u017ca, \u017ce Nawrocki b\u0119dzie niezale\u017cny (9 proc. \u201ezdecydowanie tak\u201d, 19 proc. \u201eraczej tak\u201d). <\/p>\n\n\n\n<p>14 proc. badanych wybra\u0142o odpowied\u017a \u201eani tak, ani nie\u201d, a kolejne 14 proc. przyzna\u0142o, \u017ce \u201etrudno powiedzie\u0107\u201d.<\/p>\n\n\n\n<p>Wyniki silnie koreluj\u0105 z preferencjami politycznymi. W niezale\u017cno\u015b\u0107 prezydenta wierzy 71 proc. wyborc\u00f3w PiS, ale a\u017c 84 proc. sympatyk\u00f3w Koalicji Obywatelskiej ma zdanie przeciwne. <\/p>\n\n\n\n<p>W\u015br\u00f3d wyborc\u00f3w Konfederacji opinie s\u0105 podzielone \u2013 37 proc. wierzy w samodzielno\u015b\u0107 Nawrockiego, a 44 proc. jej nie dostrzega.<\/p>\n\n\n\n<p>Badanie przeprowadzono w dniach 4\u20136 sierpnia metod\u0105 mixed-mode, \u0142\u0105cz\u0105c wywiady telefoniczne CATI i internetowe CAWI.<\/p>\n","protected":false},"excerpt":{"rendered":"<p>Z najnowszego badania Opinii24 dla RMF FM wynika, \u017ce 44 proc. Polak\u00f3w nie wierzy w niezale\u017cno\u015b\u0107 prezydenta Karola Nawrockiego od Prawa i Sprawiedliwo\u015bci. Na pytanie, czy b\u0119dzie on samodzielny i wolny od wp\u0142yw\u00f3w tej partii, 26 proc. odpowiedzia\u0142o \u201ezdecydowanie nie\u201d, a 18 proc. \u2013 \u201eraczej nie\u201d. Z kolei 28 proc. respondent\u00f3w uwa\u017ca, \u017ce Nawrocki b\u0119dzie &#8230; <a title=\"Sonda\u017c: Polacy podzieleni w ocenie niezale\u017cno\u015bci prezydenta Nawrockiego\" class=\"read-more\" href=\"https:\/\/dobrezrodla.com\/?p=2638\" aria-label=\"Read more about Sonda\u017c: Polacy podzieleni w ocenie niezale\u017cno\u015bci prezydenta Nawrockiego\">Read more<\/a><\/p>\n","protected":false},"author":1,"featured_media":2639,"comment_status":"open","ping_status":"open","sticky":false,"template":"","format":"standard","meta":{"footnotes":""},"categories":[1],"tags":[],"class_list":["post-2638","post","type-post","status-publish","format-standard","has-post-thumbnail","hentry","category-uncategorized"],"_links":{"self":[{"href":"https:\/\/dobrezrodla.com\/index.php?rest_route=\/wp\/v2\/posts\/2638","targetHints":{"allow":["GET"]}}],"collection":[{"href":"https:\/\/dobrezrodla.com\/index.php?rest_route=\/wp\/v2\/posts"}],"about":[{"href":"https:\/\/dobrezrodla.com\/index.php?rest_route=\/wp\/v2\/types\/post"}],"author":[{"embeddable":true,"href":"https:\/\/dobrezrodla.com\/index.php?rest_route=\/wp\/v2\/users\/1"}],"replies":[{"embeddable":true,"href":"https:\/\/dobrezrodla.com\/index.php?rest_route=%2Fwp%2Fv2%2Fcomments&post=2638"}],"version-history":[{"count":1,"href":"https:\/\/dobrezrodla.com\/index.php?rest_route=\/wp\/v2\/posts\/2638\/revisions"}],"predecessor-version":[{"id":2640,"href":"https:\/\/dobrezrodla.com\/index.php?rest_route=\/wp\/v2\/posts\/2638\/revisions\/2640"}],"wp:featuredmedia":[{"embeddable":true,"href":"https:\/\/dobrezrodla.com\/index.php?rest_route=\/wp\/v2\/media\/2639"}],"wp:attachment":[{"href":"https:\/\/dobrezrodla.com\/index.php?rest_route=%2Fwp%2Fv2%2Fmedia&parent=2638"}],"wp:term":[{"taxonomy":"category","embeddable":true,"href":"https:\/\/dobrezrodla.com\/index.php?rest_route=%2Fwp%2Fv2%2Fcategories&post=2638"},{"taxonomy":"post_tag","embeddable":true,"href":"https:\/\/dobrezrodla.com\/index.php?rest_route=%2Fwp%2Fv2%2Ftags&post=2638"}],"curies":[{"name":"wp","href":"https:\/\/api.w.org\/{rel}","templated":true}]}}