{"id":2656,"date":"2025-08-11T11:28:26","date_gmt":"2025-08-11T11:28:26","guid":{"rendered":"https:\/\/dobrezrodla.com\/?p=2656"},"modified":"2025-08-11T11:28:27","modified_gmt":"2025-08-11T11:28:27","slug":"kaczynski-o-protestujacych-zbior-smieci-fala-krytyki-w-mediach-spolecznosciowych","status":"publish","type":"post","link":"https:\/\/dobrezrodla.com\/?p=2656","title":{"rendered":"Kaczy\u0144ski o protestuj\u0105cych: &#8220;zbi\u00f3r \u015bmieci&#8221;. Fala krytyki w mediach spo\u0142eczno\u015bciowych"},"content":{"rendered":"\n<p>Podczas niedzielnych obchod\u00f3w miesi\u0119cznicy smole\u0144skiej na placu Pi\u0142sudskiego w Warszawie Jaros\u0142aw Kaczy\u0144ski ostro skomentowa\u0142 obecno\u015b\u0107 grupy protestuj\u0105cych,<\/p>\n\n\n\n<p> kt\u00f3rzy zag\u0142uszali jego przem\u00f3wienie okrzykami &#8220;k\u0142amca&#8221;.<\/p>\n\n\n\n<p>Po z\u0142o\u017ceniu wie\u0144ca prezes PiS powiedzia\u0142, \u017ce &#8220;jak co miesi\u0105c mamy tutaj zbi\u00f3r \u015bmieci po S\u0142u\u017cbie Bezpiecze\u0144stwa i mamy jednocze\u015bnie prawd\u0119, prawd\u0119 o tym, co sta\u0142o si\u0119 ju\u017c przesz\u0142o 15 lat temu&#8221;.<\/p>\n\n\n\n<p>S\u0142owa te wywo\u0142a\u0142y burz\u0119 w mediach spo\u0142eczno\u015bciowych. <\/p>\n\n\n\n<p>Dziennikarz Patryk S\u0142owik zwr\u00f3ci\u0142 uwag\u0119 na dysonans mi\u0119dzy ostrymi okre\u015bleniami a uczestnictwem w praktykach religijnych. <\/p>\n\n\n\n<p>Politolog Adam Traczyk oceni\u0142, \u017ce to &#8220;szczyt pogardy w debacie publicznej&#8221;, a europose\u0142 KO Krzysztof Brejza por\u00f3wna\u0142 retoryk\u0119 Kaczy\u0144skiego do tej znanej z III Rzeszy i zapowiedzia\u0142 wniosek do sejmowej Komisji Etyki Poselskiej. <\/p>\n\n\n\n<p>Krytyczne g\u0142osy zabrali r\u00f3wnie\u017c pos\u0142anka Karolina Pawliczak (PO) oraz dziennikarz Ziemowit Szczerek, kt\u00f3rzy oskar\u017cyli lidera PiS o szerzenie j\u0119zyka nienawi\u015bci i pogardy wobec oponent\u00f3w.<\/p>\n","protected":false},"excerpt":{"rendered":"<p>Podczas niedzielnych obchod\u00f3w miesi\u0119cznicy smole\u0144skiej na placu Pi\u0142sudskiego w Warszawie Jaros\u0142aw Kaczy\u0144ski ostro skomentowa\u0142 obecno\u015b\u0107 grupy protestuj\u0105cych, kt\u00f3rzy zag\u0142uszali jego przem\u00f3wienie okrzykami &#8220;k\u0142amca&#8221;. Po z\u0142o\u017ceniu wie\u0144ca prezes PiS powiedzia\u0142, \u017ce &#8220;jak co miesi\u0105c mamy tutaj zbi\u00f3r \u015bmieci po S\u0142u\u017cbie Bezpiecze\u0144stwa i mamy jednocze\u015bnie prawd\u0119, prawd\u0119 o tym, co sta\u0142o si\u0119 ju\u017c przesz\u0142o 15 lat temu&#8221;. &#8230; <a title=\"Kaczy\u0144ski o protestuj\u0105cych: &#8220;zbi\u00f3r \u015bmieci&#8221;. Fala krytyki w mediach spo\u0142eczno\u015bciowych\" class=\"read-more\" href=\"https:\/\/dobrezrodla.com\/?p=2656\" aria-label=\"Read more about Kaczy\u0144ski o protestuj\u0105cych: &#8220;zbi\u00f3r \u015bmieci&#8221;. Fala krytyki w mediach spo\u0142eczno\u015bciowych\">Read more<\/a><\/p>\n","protected":false},"author":1,"featured_media":2657,"comment_status":"open","ping_status":"open","sticky":false,"template":"","format":"standard","meta":{"footnotes":""},"categories":[1],"tags":[],"class_list":["post-2656","post","type-post","status-publish","format-standard","has-post-thumbnail","hentry","category-uncategorized"],"_links":{"self":[{"href":"https:\/\/dobrezrodla.com\/index.php?rest_route=\/wp\/v2\/posts\/2656","targetHints":{"allow":["GET"]}}],"collection":[{"href":"https:\/\/dobrezrodla.com\/index.php?rest_route=\/wp\/v2\/posts"}],"about":[{"href":"https:\/\/dobrezrodla.com\/index.php?rest_route=\/wp\/v2\/types\/post"}],"author":[{"embeddable":true,"href":"https:\/\/dobrezrodla.com\/index.php?rest_route=\/wp\/v2\/users\/1"}],"replies":[{"embeddable":true,"href":"https:\/\/dobrezrodla.com\/index.php?rest_route=%2Fwp%2Fv2%2Fcomments&post=2656"}],"version-history":[{"count":1,"href":"https:\/\/dobrezrodla.com\/index.php?rest_route=\/wp\/v2\/posts\/2656\/revisions"}],"predecessor-version":[{"id":2658,"href":"https:\/\/dobrezrodla.com\/index.php?rest_route=\/wp\/v2\/posts\/2656\/revisions\/2658"}],"wp:featuredmedia":[{"embeddable":true,"href":"https:\/\/dobrezrodla.com\/index.php?rest_route=\/wp\/v2\/media\/2657"}],"wp:attachment":[{"href":"https:\/\/dobrezrodla.com\/index.php?rest_route=%2Fwp%2Fv2%2Fmedia&parent=2656"}],"wp:term":[{"taxonomy":"category","embeddable":true,"href":"https:\/\/dobrezrodla.com\/index.php?rest_route=%2Fwp%2Fv2%2Fcategories&post=2656"},{"taxonomy":"post_tag","embeddable":true,"href":"https:\/\/dobrezrodla.com\/index.php?rest_route=%2Fwp%2Fv2%2Ftags&post=2656"}],"curies":[{"name":"wp","href":"https:\/\/api.w.org\/{rel}","templated":true}]}}