{"id":2665,"date":"2025-08-11T11:30:45","date_gmt":"2025-08-11T11:30:45","guid":{"rendered":"https:\/\/dobrezrodla.com\/?p=2665"},"modified":"2025-08-11T11:30:46","modified_gmt":"2025-08-11T11:30:46","slug":"co-robila-coreczka-prezydenta-w-ogrodach-belwederu-zdjecia-mowia-wszystko","status":"publish","type":"post","link":"https:\/\/dobrezrodla.com\/?p=2665","title":{"rendered":"Co robi\u0142a c\u00f3reczka prezydenta w ogrodach Belwederu? Zdj\u0119cia m\u00f3wi\u0105 wszystko\u2026"},"content":{"rendered":"\n<p>W Belwederze zn\u00f3w zrobi\u0142o si\u0119 rodzinnie. Do rezydencji przyjechali bliscy prezydenta Karola Nawrockiego<\/p>\n\n\n\n<p> \u2013 jego te\u015bciowie, pa\u0144stwo Smole\u0144, a tak\u017ce wuj, znany trener boksu Waldemar Nawrocki z \u017con\u0105. <\/p>\n\n\n\n<p>Go\u015bcie spacerowali po ogrodach i rozmawiali na balkonie, a uwag\u0119 fotoreporter\u00f3w przyci\u0105gn\u0119\u0142a c\u00f3reczka prezydenta, Kasia, kt\u00f3ra korzystaj\u0105c z pi\u0119knej pogody, \u015bmiga\u0142a po alejkach na hulajnodze.<\/p>\n\n\n\n<p>Fotografie z tej wizyty opublikowa\u0142 \u201eSuper Express\u201d, pokazuj\u0105c te\u017c mniej oficjalny moment \u2013 Karola Nawrockiego w oknie Belwederu. <\/p>\n\n\n\n<p>Prezydent pojawi\u0142 si\u0119 w czarnej koszulce bez r\u0119kaw\u00f3w, pozdrawia\u0142 zgromadzonych, zapowiedzia\u0142, \u017ce wyjdzie za p\u00f3\u0142 godziny, a chwil\u0119 p\u00f3\u017aniej pokaza\u0142 im kciuk w g\u00f3r\u0119 i zamkn\u0105\u0142 okno. <\/p>\n\n\n\n<p>S\u0142owa dotrzyma\u0142 \u2013 wr\u00f3ci\u0142 ju\u017c w eleganckim garniturze, rozmawia\u0142 z lud\u017ami i pozowa\u0142 do wsp\u00f3lnych zdj\u0119\u0107.<\/p>\n","protected":false},"excerpt":{"rendered":"<p>W Belwederze zn\u00f3w zrobi\u0142o si\u0119 rodzinnie. Do rezydencji przyjechali bliscy prezydenta Karola Nawrockiego \u2013 jego te\u015bciowie, pa\u0144stwo Smole\u0144, a tak\u017ce wuj, znany trener boksu Waldemar Nawrocki z \u017con\u0105. Go\u015bcie spacerowali po ogrodach i rozmawiali na balkonie, a uwag\u0119 fotoreporter\u00f3w przyci\u0105gn\u0119\u0142a c\u00f3reczka prezydenta, Kasia, kt\u00f3ra korzystaj\u0105c z pi\u0119knej pogody, \u015bmiga\u0142a po alejkach na hulajnodze. Fotografie z &#8230; <a title=\"Co robi\u0142a c\u00f3reczka prezydenta w ogrodach Belwederu? Zdj\u0119cia m\u00f3wi\u0105 wszystko\u2026\" class=\"read-more\" href=\"https:\/\/dobrezrodla.com\/?p=2665\" aria-label=\"Read more about Co robi\u0142a c\u00f3reczka prezydenta w ogrodach Belwederu? Zdj\u0119cia m\u00f3wi\u0105 wszystko\u2026\">Read more<\/a><\/p>\n","protected":false},"author":1,"featured_media":2666,"comment_status":"open","ping_status":"open","sticky":false,"template":"","format":"standard","meta":{"footnotes":""},"categories":[1],"tags":[],"class_list":["post-2665","post","type-post","status-publish","format-standard","has-post-thumbnail","hentry","category-uncategorized"],"_links":{"self":[{"href":"https:\/\/dobrezrodla.com\/index.php?rest_route=\/wp\/v2\/posts\/2665","targetHints":{"allow":["GET"]}}],"collection":[{"href":"https:\/\/dobrezrodla.com\/index.php?rest_route=\/wp\/v2\/posts"}],"about":[{"href":"https:\/\/dobrezrodla.com\/index.php?rest_route=\/wp\/v2\/types\/post"}],"author":[{"embeddable":true,"href":"https:\/\/dobrezrodla.com\/index.php?rest_route=\/wp\/v2\/users\/1"}],"replies":[{"embeddable":true,"href":"https:\/\/dobrezrodla.com\/index.php?rest_route=%2Fwp%2Fv2%2Fcomments&post=2665"}],"version-history":[{"count":1,"href":"https:\/\/dobrezrodla.com\/index.php?rest_route=\/wp\/v2\/posts\/2665\/revisions"}],"predecessor-version":[{"id":2667,"href":"https:\/\/dobrezrodla.com\/index.php?rest_route=\/wp\/v2\/posts\/2665\/revisions\/2667"}],"wp:featuredmedia":[{"embeddable":true,"href":"https:\/\/dobrezrodla.com\/index.php?rest_route=\/wp\/v2\/media\/2666"}],"wp:attachment":[{"href":"https:\/\/dobrezrodla.com\/index.php?rest_route=%2Fwp%2Fv2%2Fmedia&parent=2665"}],"wp:term":[{"taxonomy":"category","embeddable":true,"href":"https:\/\/dobrezrodla.com\/index.php?rest_route=%2Fwp%2Fv2%2Fcategories&post=2665"},{"taxonomy":"post_tag","embeddable":true,"href":"https:\/\/dobrezrodla.com\/index.php?rest_route=%2Fwp%2Fv2%2Ftags&post=2665"}],"curies":[{"name":"wp","href":"https:\/\/api.w.org\/{rel}","templated":true}]}}