{"id":2678,"date":"2025-08-12T13:50:14","date_gmt":"2025-08-12T13:50:14","guid":{"rendered":"https:\/\/dobrezrodla.com\/?p=2678"},"modified":"2025-08-12T13:50:15","modified_gmt":"2025-08-12T13:50:15","slug":"mateusz-morawiecki-przerwal-kampanie-wyborcza-by-byc-przy-umierajacym-ojcu-historia-osobistej-straty","status":"publish","type":"post","link":"https:\/\/dobrezrodla.com\/?p=2678","title":{"rendered":"Mateusz Morawiecki przerwa\u0142 kampani\u0119 wyborcz\u0105, by by\u0107 przy umieraj\u0105cym ojcu \u2013 historia osobistej straty"},"content":{"rendered":"\n<p>W obliczu pogarszaj\u0105cego si\u0119 stanu zdrowia ojca \u2013 Kornela Morawieckiego, jednego z przyw\u00f3dc\u00f3w oporu przeciw komunizmowi i za\u0142o\u017cyciela <\/p>\n\n\n\n<p>\u201eSolidarno\u015bci Walcz\u0105cej\u201d \u2013 premier Mateusz Morawiecki podj\u0105\u0142 decyzj\u0119, kt\u00f3ra poruszy\u0142a politolog\u00f3w oraz opini\u0119 publiczn\u0105.<\/p>\n\n\n\n<p>Kornel Morawiecki zmar\u0142 30 wrze\u015bnia 2019 roku w warszawskim szpitalu po d\u0142ugiej chorobie, w wieku 78 lat, pozostawiaj\u0105c po sobie bogaty dorobek jako nieugi\u0119ty dzia\u0142acz na rzecz demokratycznej Polski ([Associated Press] [turn0search19]).<\/p>\n\n\n\n<p>W tych trudnych chwilach Mateusz Morawiecki \u2013 w\u00f3wczas pe\u0142ni\u0105cy funkcj\u0119 premiera \u2013 przerwa\u0142 kampani\u0119 wyborcz\u0105 zaplanowan\u0105 na 13 pa\u017adziernika, aby by\u0107 przy ojcu. <\/p>\n\n\n\n<p>Ta decyzja wyr\u00f3\u017cni\u0142a go w oczach wielu jako lider, dla kt\u00f3rego warto\u015bci rodzinne s\u0105 r\u00f3wnie istotne jak polityczna odpowiedzialno\u015b\u0107 ([Associated Press] [turn0search19]).<\/p>\n\n\n\n<p>Historia ta ukaza\u0142a Mateusza nie tylko jako polityka, lecz cz\u0142owieka zdolnego zawiesi\u0107 w\u0142asne ambicje na rzecz ostatnich chwil sp\u0119dzanych z najbli\u017cszym.<\/p>\n","protected":false},"excerpt":{"rendered":"<p>W obliczu pogarszaj\u0105cego si\u0119 stanu zdrowia ojca \u2013 Kornela Morawieckiego, jednego z przyw\u00f3dc\u00f3w oporu przeciw komunizmowi i za\u0142o\u017cyciela \u201eSolidarno\u015bci Walcz\u0105cej\u201d \u2013 premier Mateusz Morawiecki podj\u0105\u0142 decyzj\u0119, kt\u00f3ra poruszy\u0142a politolog\u00f3w oraz opini\u0119 publiczn\u0105. Kornel Morawiecki zmar\u0142 30 wrze\u015bnia 2019 roku w warszawskim szpitalu po d\u0142ugiej chorobie, w wieku 78 lat, pozostawiaj\u0105c po sobie bogaty dorobek jako &#8230; <a title=\"Mateusz Morawiecki przerwa\u0142 kampani\u0119 wyborcz\u0105, by by\u0107 przy umieraj\u0105cym ojcu \u2013 historia osobistej straty\" class=\"read-more\" href=\"https:\/\/dobrezrodla.com\/?p=2678\" aria-label=\"Read more about Mateusz Morawiecki przerwa\u0142 kampani\u0119 wyborcz\u0105, by by\u0107 przy umieraj\u0105cym ojcu \u2013 historia osobistej straty\">Read more<\/a><\/p>\n","protected":false},"author":1,"featured_media":0,"comment_status":"open","ping_status":"open","sticky":false,"template":"","format":"standard","meta":{"footnotes":""},"categories":[1],"tags":[],"class_list":["post-2678","post","type-post","status-publish","format-standard","hentry","category-uncategorized"],"_links":{"self":[{"href":"https:\/\/dobrezrodla.com\/index.php?rest_route=\/wp\/v2\/posts\/2678","targetHints":{"allow":["GET"]}}],"collection":[{"href":"https:\/\/dobrezrodla.com\/index.php?rest_route=\/wp\/v2\/posts"}],"about":[{"href":"https:\/\/dobrezrodla.com\/index.php?rest_route=\/wp\/v2\/types\/post"}],"author":[{"embeddable":true,"href":"https:\/\/dobrezrodla.com\/index.php?rest_route=\/wp\/v2\/users\/1"}],"replies":[{"embeddable":true,"href":"https:\/\/dobrezrodla.com\/index.php?rest_route=%2Fwp%2Fv2%2Fcomments&post=2678"}],"version-history":[{"count":1,"href":"https:\/\/dobrezrodla.com\/index.php?rest_route=\/wp\/v2\/posts\/2678\/revisions"}],"predecessor-version":[{"id":2679,"href":"https:\/\/dobrezrodla.com\/index.php?rest_route=\/wp\/v2\/posts\/2678\/revisions\/2679"}],"wp:attachment":[{"href":"https:\/\/dobrezrodla.com\/index.php?rest_route=%2Fwp%2Fv2%2Fmedia&parent=2678"}],"wp:term":[{"taxonomy":"category","embeddable":true,"href":"https:\/\/dobrezrodla.com\/index.php?rest_route=%2Fwp%2Fv2%2Fcategories&post=2678"},{"taxonomy":"post_tag","embeddable":true,"href":"https:\/\/dobrezrodla.com\/index.php?rest_route=%2Fwp%2Fv2%2Ftags&post=2678"}],"curies":[{"name":"wp","href":"https:\/\/api.w.org\/{rel}","templated":true}]}}