{"id":2681,"date":"2025-08-12T13:57:58","date_gmt":"2025-08-12T13:57:58","guid":{"rendered":"https:\/\/dobrezrodla.com\/?p=2681"},"modified":"2025-08-12T13:57:59","modified_gmt":"2025-08-12T13:57:59","slug":"legenda-polskiej-policji-nie-zyje-ostatnie-chwile-ujawniaja-wstrzasajace-szczegoly","status":"publish","type":"post","link":"https:\/\/dobrezrodla.com\/?p=2681","title":{"rendered":"Legenda polskiej policji nie \u017cyje\u2026 Ostatnie chwile ujawniaj\u0105 wstrz\u0105saj\u0105ce szczeg\u00f3\u0142y"},"content":{"rendered":"\n<p>Nie \u017cyje Jerzy Dziewulski \u2013 by\u0142y oficer policji, antyterrorysta i komentator spraw bezpiecze\u0144stwa. Mia\u0142 81 lat. O jego \u015bmierci poinformowa\u0142 syn, przekazuj\u0105c, \u017ce od d\u0142u\u017cszego czasu zmaga\u0142 si\u0119 z powa\u017cn\u0105 chorob\u0105. Odszed\u0142 w szpitalu MSWiA w Warszawie.<\/p>\n\n\n\n<p>Dziewulski urodzi\u0142 si\u0119 w stolicy, uko\u0144czy\u0142 prawo na Uniwersytecie Warszawskim i s\u0142u\u017cb\u0119 wojskow\u0105 w stopniu sier\u017canta podchor\u0105\u017cego. Karier\u0119 rozpocz\u0105\u0142 w wydziale kryminalnym na warszawskim \u017boliborzu, a w 1966 roku wst\u0105pi\u0142 do Milicji Obywatelskiej. W grudniu 1981 roku uczestniczy\u0142 w akcji pacyfikacyjnej w Wy\u017cszej Oficerskiej Szkole Po\u017carniczej.<\/p>\n\n\n\n<p>Po przekszta\u0142ceniu MO w Policj\u0119 dowodzi\u0142 jednostk\u0105 antyterrorystyczn\u0105 na lotnisku Ok\u0119cie. Bra\u0142 udzia\u0142 w neutralizacji 13 zamach\u00f3w terrorystycznych, m.in. na pok\u0142adach samolot\u00f3w, ratuj\u0105c w sumie 765 pasa\u017cer\u00f3w. Kierowa\u0142 r\u00f3wnie\u017c polsk\u0105 cz\u0119\u015bci\u0105 operacji \u201eMost\u201d, w ramach kt\u00f3rej \u017bydzi z by\u0142ego ZSRR i Rosji przenosili si\u0119 do Izraela.<\/p>\n\n\n\n<p>W 1991 roku zdoby\u0142 mandat poselski jako pierwszy w historii policjant w Sejmie. Zasiada\u0142 w czterech kadencjach, wsp\u00f3\u0142tworzy\u0142 sejmow\u0105 Komisj\u0119 ds. S\u0142u\u017cb Specjalnych, by\u0142 te\u017c wiceprzewodnicz\u0105cym Komisji Administracji i Spraw Wewn\u0119trznych. Przez kr\u00f3tki czas pe\u0142ni\u0142 funkcj\u0119 doradcy prezydenta Aleksandra Kwa\u015bniewskiego ds. bezpiecze\u0144stwa.<\/p>\n\n\n\n<p>Odznaczony Krzy\u017cem Kawalerskim i Oficerskim Orderu Odrodzenia Polski oraz \u2013 jako jedyny w kraju \u2013 trzykrotnie Medalem za Ofiarno\u015b\u0107 i Odwag\u0119, Dziewulski by\u0142 r\u00f3wnie\u017c konsultantem przy serialu \u201e07 zg\u0142o\u015b si\u0119\u201d. W ostatnich latach cz\u0119sto komentowa\u0142 kwestie bezpiecze\u0144stwa dla medi\u00f3w.<\/p>\n","protected":false},"excerpt":{"rendered":"<p>Nie \u017cyje Jerzy Dziewulski \u2013 by\u0142y oficer policji, antyterrorysta i komentator spraw bezpiecze\u0144stwa. Mia\u0142 81 lat. O jego \u015bmierci poinformowa\u0142 syn, przekazuj\u0105c, \u017ce od d\u0142u\u017cszego czasu zmaga\u0142 si\u0119 z powa\u017cn\u0105 chorob\u0105. Odszed\u0142 w szpitalu MSWiA w Warszawie. Dziewulski urodzi\u0142 si\u0119 w stolicy, uko\u0144czy\u0142 prawo na Uniwersytecie Warszawskim i s\u0142u\u017cb\u0119 wojskow\u0105 w stopniu sier\u017canta podchor\u0105\u017cego. Karier\u0119 &#8230; <a title=\"Legenda polskiej policji nie \u017cyje\u2026 Ostatnie chwile ujawniaj\u0105 wstrz\u0105saj\u0105ce szczeg\u00f3\u0142y\" class=\"read-more\" href=\"https:\/\/dobrezrodla.com\/?p=2681\" aria-label=\"Read more about Legenda polskiej policji nie \u017cyje\u2026 Ostatnie chwile ujawniaj\u0105 wstrz\u0105saj\u0105ce szczeg\u00f3\u0142y\">Read more<\/a><\/p>\n","protected":false},"author":1,"featured_media":2682,"comment_status":"open","ping_status":"open","sticky":false,"template":"","format":"standard","meta":{"footnotes":""},"categories":[1],"tags":[],"class_list":["post-2681","post","type-post","status-publish","format-standard","has-post-thumbnail","hentry","category-uncategorized"],"_links":{"self":[{"href":"https:\/\/dobrezrodla.com\/index.php?rest_route=\/wp\/v2\/posts\/2681","targetHints":{"allow":["GET"]}}],"collection":[{"href":"https:\/\/dobrezrodla.com\/index.php?rest_route=\/wp\/v2\/posts"}],"about":[{"href":"https:\/\/dobrezrodla.com\/index.php?rest_route=\/wp\/v2\/types\/post"}],"author":[{"embeddable":true,"href":"https:\/\/dobrezrodla.com\/index.php?rest_route=\/wp\/v2\/users\/1"}],"replies":[{"embeddable":true,"href":"https:\/\/dobrezrodla.com\/index.php?rest_route=%2Fwp%2Fv2%2Fcomments&post=2681"}],"version-history":[{"count":1,"href":"https:\/\/dobrezrodla.com\/index.php?rest_route=\/wp\/v2\/posts\/2681\/revisions"}],"predecessor-version":[{"id":2683,"href":"https:\/\/dobrezrodla.com\/index.php?rest_route=\/wp\/v2\/posts\/2681\/revisions\/2683"}],"wp:featuredmedia":[{"embeddable":true,"href":"https:\/\/dobrezrodla.com\/index.php?rest_route=\/wp\/v2\/media\/2682"}],"wp:attachment":[{"href":"https:\/\/dobrezrodla.com\/index.php?rest_route=%2Fwp%2Fv2%2Fmedia&parent=2681"}],"wp:term":[{"taxonomy":"category","embeddable":true,"href":"https:\/\/dobrezrodla.com\/index.php?rest_route=%2Fwp%2Fv2%2Fcategories&post=2681"},{"taxonomy":"post_tag","embeddable":true,"href":"https:\/\/dobrezrodla.com\/index.php?rest_route=%2Fwp%2Fv2%2Ftags&post=2681"}],"curies":[{"name":"wp","href":"https:\/\/api.w.org\/{rel}","templated":true}]}}