{"id":2708,"date":"2025-08-12T14:06:50","date_gmt":"2025-08-12T14:06:50","guid":{"rendered":"https:\/\/dobrezrodla.com\/?p=2708"},"modified":"2025-08-12T14:06:51","modified_gmt":"2025-08-12T14:06:51","slug":"pierwsze-weto-nawrockiego-ustawa-o-wiatrakach-i-pradzie-wywolala-polityczna-burze","status":"publish","type":"post","link":"https:\/\/dobrezrodla.com\/?p=2708","title":{"rendered":"Pierwsze weto Nawrockiego?! Ustawa o wiatrakach i pr\u0105dzie wywo\u0142a\u0142a polityczn\u0105 burz\u0119"},"content":{"rendered":"\n<p>Ustawa wiatrakowa, kt\u00f3ra opr\u00f3cz liberalizacji zasad budowy turbin na l\u0105dzie zawiera tak\u017ce zapis o przed\u0142u\u017ceniu zamro\u017cenia cen pr\u0105du do ko\u0144ca 2025 roku, mo\u017ce sta\u0107 si\u0119 pierwszym wetem prezydenta Karola Nawrockiego. <\/p>\n\n\n\n<p>Jego rzecznik Rafa\u0142 Le\u015bkiewicz poinformowa\u0142, \u017ce g\u0142owa pa\u0144stwa nie zaakceptuje obecnego kszta\u0142tu regulacji i zaproponuje w\u0142asne rozwi\u0105zanie dotycz\u0105ce cen energii.<\/p>\n\n\n\n<p>Le\u015bkiewicz zaznaczy\u0142, \u017ce sam pomys\u0142 zamro\u017cenia cen jest dla prezydenta \u201erzecz\u0105 oczywist\u0105\u201d, jednak umieszczenie go w ustawie o wiatrakach stawia go w \u201eniezr\u0119cznej sytuacji\u201d. <\/p>\n\n\n\n<p>Zapowiedzia\u0142, \u017ce wkr\u00f3tce Kancelaria Prezydenta przedstawi alternatywny projekt, nawi\u0105zuj\u0105cy do wyborczej obietnicy \u201e33 proc. mniej za pr\u0105d w 100 dni\u201d.<\/p>\n\n\n\n<p>Rzecznik podkre\u015bli\u0142 w mediach spo\u0142eczno\u015bciowych, \u017ce Nawrocki nie podj\u0105\u0142 jeszcze ostatecznej decyzji, ale priorytetem b\u0119dzie realizacja zapowiedzi z kampanii. <\/p>\n\n\n\n<p>Wskaza\u0142 r\u00f3wnie\u017c, \u017ce to rz\u0105d ograniczy\u0142 obowi\u0105zywanie Tarczy Energetycznej do ko\u0144ca wrze\u015bnia i celowo po\u0142\u0105czy\u0142 j\u0105 z ustaw\u0105 wiatrakow\u0105.<\/p>\n\n\n\n<p>Nowelizacja, uchwalona przez Sejm, znosi zasad\u0119 10H wprowadzon\u0105 w 2016 roku i skraca minimaln\u0105 odleg\u0142o\u015b\u0107 turbin wiatrowych od dom\u00f3w mieszkalnych z 700 do 500 metr\u00f3w. <\/p>\n\n\n\n<p>Dodany w trakcie prac zapis przewiduje zamro\u017cenie cen energii elektrycznej na poziomie 500 z\u0142\/MWh netto dla gospodarstw domowych w ostatnim kwartale 2025 roku.<\/p>\n","protected":false},"excerpt":{"rendered":"<p>Ustawa wiatrakowa, kt\u00f3ra opr\u00f3cz liberalizacji zasad budowy turbin na l\u0105dzie zawiera tak\u017ce zapis o przed\u0142u\u017ceniu zamro\u017cenia cen pr\u0105du do ko\u0144ca 2025 roku, mo\u017ce sta\u0107 si\u0119 pierwszym wetem prezydenta Karola Nawrockiego. Jego rzecznik Rafa\u0142 Le\u015bkiewicz poinformowa\u0142, \u017ce g\u0142owa pa\u0144stwa nie zaakceptuje obecnego kszta\u0142tu regulacji i zaproponuje w\u0142asne rozwi\u0105zanie dotycz\u0105ce cen energii. Le\u015bkiewicz zaznaczy\u0142, \u017ce sam pomys\u0142 &#8230; <a title=\"Pierwsze weto Nawrockiego?! Ustawa o wiatrakach i pr\u0105dzie wywo\u0142a\u0142a polityczn\u0105 burz\u0119\" class=\"read-more\" href=\"https:\/\/dobrezrodla.com\/?p=2708\" aria-label=\"Read more about Pierwsze weto Nawrockiego?! Ustawa o wiatrakach i pr\u0105dzie wywo\u0142a\u0142a polityczn\u0105 burz\u0119\">Read more<\/a><\/p>\n","protected":false},"author":1,"featured_media":2709,"comment_status":"open","ping_status":"open","sticky":false,"template":"","format":"standard","meta":{"footnotes":""},"categories":[1],"tags":[],"class_list":["post-2708","post","type-post","status-publish","format-standard","has-post-thumbnail","hentry","category-uncategorized"],"_links":{"self":[{"href":"https:\/\/dobrezrodla.com\/index.php?rest_route=\/wp\/v2\/posts\/2708","targetHints":{"allow":["GET"]}}],"collection":[{"href":"https:\/\/dobrezrodla.com\/index.php?rest_route=\/wp\/v2\/posts"}],"about":[{"href":"https:\/\/dobrezrodla.com\/index.php?rest_route=\/wp\/v2\/types\/post"}],"author":[{"embeddable":true,"href":"https:\/\/dobrezrodla.com\/index.php?rest_route=\/wp\/v2\/users\/1"}],"replies":[{"embeddable":true,"href":"https:\/\/dobrezrodla.com\/index.php?rest_route=%2Fwp%2Fv2%2Fcomments&post=2708"}],"version-history":[{"count":1,"href":"https:\/\/dobrezrodla.com\/index.php?rest_route=\/wp\/v2\/posts\/2708\/revisions"}],"predecessor-version":[{"id":2710,"href":"https:\/\/dobrezrodla.com\/index.php?rest_route=\/wp\/v2\/posts\/2708\/revisions\/2710"}],"wp:featuredmedia":[{"embeddable":true,"href":"https:\/\/dobrezrodla.com\/index.php?rest_route=\/wp\/v2\/media\/2709"}],"wp:attachment":[{"href":"https:\/\/dobrezrodla.com\/index.php?rest_route=%2Fwp%2Fv2%2Fmedia&parent=2708"}],"wp:term":[{"taxonomy":"category","embeddable":true,"href":"https:\/\/dobrezrodla.com\/index.php?rest_route=%2Fwp%2Fv2%2Fcategories&post=2708"},{"taxonomy":"post_tag","embeddable":true,"href":"https:\/\/dobrezrodla.com\/index.php?rest_route=%2Fwp%2Fv2%2Ftags&post=2708"}],"curies":[{"name":"wp","href":"https:\/\/api.w.org\/{rel}","templated":true}]}}