{"id":2718,"date":"2025-08-13T12:24:38","date_gmt":"2025-08-13T12:24:38","guid":{"rendered":"https:\/\/dobrezrodla.com\/?p=2718"},"modified":"2025-08-13T12:24:38","modified_gmt":"2025-08-13T12:24:38","slug":"nowe-szczegoly-ws-urazu-jaroslawa-kaczynskiego-co-stalo-sie-po-kolacji-z-karolem-nawrockim","status":"publish","type":"post","link":"https:\/\/dobrezrodla.com\/?p=2718","title":{"rendered":"Nowe szczeg\u00f3\u0142y ws. urazu Jaros\u0142awa Kaczy\u0144skiego. Co sta\u0142o si\u0119 po kolacji z Karolem Nawrockim?"},"content":{"rendered":"\n<p>Podczas uroczysto\u015bci zaprzysi\u0119\u017cenia Karola Nawrockiego, uwag\u0119 wszystkich skupi\u0142a d\u0142o\u0144 Jaros\u0142awa Kaczy\u0144skiego. Prezes PiS pojawi\u0142 si\u0119 z banda\u017cem i usztywnieniem na palcu, co natychmiast wywo\u0142a\u0142o fal\u0119 spekulacji.<\/p>\n\n\n\n<p>Jak ustalili dziennikarze, Kaczy\u0144ski nabawi\u0142 si\u0119 kontuzji kilka dni wcze\u015bniej, tu\u017c po wsp\u00f3lnej kolacji z Nawrockim. Spotkanie, zorganizowane przez wsp\u00f3\u0142pracownik\u00f3w obu polityk\u00f3w, mia\u0142o by\u0107 okazj\u0105 do om\u00f3wienia przysz\u0142ej wsp\u00f3\u0142pracy. Nieszcz\u0119\u015bliwy incydent mia\u0142 miejsce ju\u017c po zako\u0144czeniu kolacji, gdy Kaczy\u0144ski wsiada\u0142 do samochodu.<\/p>\n\n\n\n<p>Na temat kontuzji wypowiedzia\u0142a si\u0119 r\u00f3wnie\u017c Arleta Zalewska w &#8220;Podca\u015bcie politycznym&#8221;, w kt\u00f3rym uczestniczy\u0142 te\u017c Dawid Rydzek. Odcinki programu mo\u017cna ogl\u0105da\u0107 na TVN24+.<\/p>\n\n\n\n<p>To nie pierwszy raz, gdy prezes PiS pojawia si\u0119 publicznie z opatrunkiem \u2013 podobn\u0105 sytuacj\u0119 zanotowano podczas obchod\u00f3w miesi\u0119cznicy smole\u0144skiej.<\/p>\n","protected":false},"excerpt":{"rendered":"<p>Podczas uroczysto\u015bci zaprzysi\u0119\u017cenia Karola Nawrockiego, uwag\u0119 wszystkich skupi\u0142a d\u0142o\u0144 Jaros\u0142awa Kaczy\u0144skiego. Prezes PiS pojawi\u0142 si\u0119 z banda\u017cem i usztywnieniem na palcu, co natychmiast wywo\u0142a\u0142o fal\u0119 spekulacji. Jak ustalili dziennikarze, Kaczy\u0144ski nabawi\u0142 si\u0119 kontuzji kilka dni wcze\u015bniej, tu\u017c po wsp\u00f3lnej kolacji z Nawrockim. Spotkanie, zorganizowane przez wsp\u00f3\u0142pracownik\u00f3w obu polityk\u00f3w, mia\u0142o by\u0107 okazj\u0105 do om\u00f3wienia przysz\u0142ej wsp\u00f3\u0142pracy. &#8230; <a title=\"Nowe szczeg\u00f3\u0142y ws. urazu Jaros\u0142awa Kaczy\u0144skiego. Co sta\u0142o si\u0119 po kolacji z Karolem Nawrockim?\" class=\"read-more\" href=\"https:\/\/dobrezrodla.com\/?p=2718\" aria-label=\"Read more about Nowe szczeg\u00f3\u0142y ws. urazu Jaros\u0142awa Kaczy\u0144skiego. Co sta\u0142o si\u0119 po kolacji z Karolem Nawrockim?\">Read more<\/a><\/p>\n","protected":false},"author":1,"featured_media":2719,"comment_status":"open","ping_status":"open","sticky":false,"template":"","format":"standard","meta":{"footnotes":""},"categories":[1],"tags":[],"class_list":["post-2718","post","type-post","status-publish","format-standard","has-post-thumbnail","hentry","category-uncategorized"],"_links":{"self":[{"href":"https:\/\/dobrezrodla.com\/index.php?rest_route=\/wp\/v2\/posts\/2718","targetHints":{"allow":["GET"]}}],"collection":[{"href":"https:\/\/dobrezrodla.com\/index.php?rest_route=\/wp\/v2\/posts"}],"about":[{"href":"https:\/\/dobrezrodla.com\/index.php?rest_route=\/wp\/v2\/types\/post"}],"author":[{"embeddable":true,"href":"https:\/\/dobrezrodla.com\/index.php?rest_route=\/wp\/v2\/users\/1"}],"replies":[{"embeddable":true,"href":"https:\/\/dobrezrodla.com\/index.php?rest_route=%2Fwp%2Fv2%2Fcomments&post=2718"}],"version-history":[{"count":1,"href":"https:\/\/dobrezrodla.com\/index.php?rest_route=\/wp\/v2\/posts\/2718\/revisions"}],"predecessor-version":[{"id":2720,"href":"https:\/\/dobrezrodla.com\/index.php?rest_route=\/wp\/v2\/posts\/2718\/revisions\/2720"}],"wp:featuredmedia":[{"embeddable":true,"href":"https:\/\/dobrezrodla.com\/index.php?rest_route=\/wp\/v2\/media\/2719"}],"wp:attachment":[{"href":"https:\/\/dobrezrodla.com\/index.php?rest_route=%2Fwp%2Fv2%2Fmedia&parent=2718"}],"wp:term":[{"taxonomy":"category","embeddable":true,"href":"https:\/\/dobrezrodla.com\/index.php?rest_route=%2Fwp%2Fv2%2Fcategories&post=2718"},{"taxonomy":"post_tag","embeddable":true,"href":"https:\/\/dobrezrodla.com\/index.php?rest_route=%2Fwp%2Fv2%2Ftags&post=2718"}],"curies":[{"name":"wp","href":"https:\/\/api.w.org\/{rel}","templated":true}]}}