{"id":2724,"date":"2025-08-13T12:26:09","date_gmt":"2025-08-13T12:26:09","guid":{"rendered":"https:\/\/dobrezrodla.com\/?p=2724"},"modified":"2025-08-13T12:26:09","modified_gmt":"2025-08-13T12:26:09","slug":"arlukowicz-punktuje-pelczynska-nalecz-zaczela-tlumaczyc-sie-za-pozno","status":"publish","type":"post","link":"https:\/\/dobrezrodla.com\/?p=2724","title":{"rendered":"Ar\u0142ukowicz punktuje Pe\u0142czy\u0144sk\u0105-Na\u0142\u0119cz: \u201eZacz\u0119\u0142a t\u0142umaczy\u0107 si\u0119 za p\u00f3\u017ano\u201d"},"content":{"rendered":"\n<p>Bartosz Ar\u0142ukowicz, eurodeputowany Koalicji Obywatelskiej, w ostrych s\u0142owach odni\u00f3s\u0142 si\u0119 do dzia\u0142a\u0144 minister funduszy i polityki regionalnej Katarzyny Pe\u0142czy\u0144skiej-Na\u0142\u0119cz. W programie \u201eJeden na jeden\u201d zarzuci\u0142 jej zbyt p\u00f3\u017an\u0105 reakcj\u0119 na narastaj\u0105ce kontrowersje zwi\u0105zane z wydatkowaniem \u015brodk\u00f3w z KPO \u2013 zw\u0142aszcza tych kierowanych do firm z bran\u017cy HoReCa.<\/p>\n\n\n\n<p>Polityk zwr\u00f3ci\u0142 uwag\u0119, \u017ce mimo sygna\u0142\u00f3w o potencjalnych nieprawid\u0142owo\u015bciach, minister mia\u0142a nie informowa\u0107 premiera ani ministra finans\u00f3w, po czym uda\u0142a si\u0119 na urlop. W jego ocenie \u2013 to nieakceptowalne, zw\u0142aszcza przy tak du\u017cej odpowiedzialno\u015bci. \u201eJa bym pod palmami nie wysiedzia\u0142\u201d \u2013 skomentowa\u0142.<\/p>\n\n\n\n<p>Ar\u0142ukowicz krytycznie oceni\u0142 tak\u017ce aktywno\u015b\u0107 Pe\u0142czy\u0144skiej-Na\u0142\u0119cz w mediach spo\u0142eczno\u015bciowych. Jak zauwa\u017cy\u0142, jej zaanga\u017cowanie na Twitterze przypomina\u0142o bardziej zarz\u0105dzanie platform\u0105 ni\u017c ministerialnym resortem.<\/p>\n\n\n\n<p>Cho\u0107 nie powiedzia\u0142 wprost, \u017ce minister powinna ust\u0105pi\u0107, to zasugerowa\u0142, \u017ce w sytuacji kryzysowej nie mo\u017cna ucieka\u0107 od odpowiedzialno\u015bci. \u201eJe\u015bli jest problem z nadzorem \u2013 trzeba si\u0119 po\u017cegna\u0107 ze stanowiskiem\u201d \u2013 podsumowa\u0142, jednocze\u015bnie zastrzegaj\u0105c, \u017ce nie odnosi tego bezpo\u015brednio do Pe\u0142czy\u0144skiej-Na\u0142\u0119cz.<\/p>\n","protected":false},"excerpt":{"rendered":"<p>Bartosz Ar\u0142ukowicz, eurodeputowany Koalicji Obywatelskiej, w ostrych s\u0142owach odni\u00f3s\u0142 si\u0119 do dzia\u0142a\u0144 minister funduszy i polityki regionalnej Katarzyny Pe\u0142czy\u0144skiej-Na\u0142\u0119cz. W programie \u201eJeden na jeden\u201d zarzuci\u0142 jej zbyt p\u00f3\u017an\u0105 reakcj\u0119 na narastaj\u0105ce kontrowersje zwi\u0105zane z wydatkowaniem \u015brodk\u00f3w z KPO \u2013 zw\u0142aszcza tych kierowanych do firm z bran\u017cy HoReCa. Polityk zwr\u00f3ci\u0142 uwag\u0119, \u017ce mimo sygna\u0142\u00f3w o potencjalnych &#8230; <a title=\"Ar\u0142ukowicz punktuje Pe\u0142czy\u0144sk\u0105-Na\u0142\u0119cz: \u201eZacz\u0119\u0142a t\u0142umaczy\u0107 si\u0119 za p\u00f3\u017ano\u201d\" class=\"read-more\" href=\"https:\/\/dobrezrodla.com\/?p=2724\" aria-label=\"Read more about Ar\u0142ukowicz punktuje Pe\u0142czy\u0144sk\u0105-Na\u0142\u0119cz: \u201eZacz\u0119\u0142a t\u0142umaczy\u0107 si\u0119 za p\u00f3\u017ano\u201d\">Read more<\/a><\/p>\n","protected":false},"author":1,"featured_media":2725,"comment_status":"open","ping_status":"open","sticky":false,"template":"","format":"standard","meta":{"footnotes":""},"categories":[1],"tags":[],"class_list":["post-2724","post","type-post","status-publish","format-standard","has-post-thumbnail","hentry","category-uncategorized"],"_links":{"self":[{"href":"https:\/\/dobrezrodla.com\/index.php?rest_route=\/wp\/v2\/posts\/2724","targetHints":{"allow":["GET"]}}],"collection":[{"href":"https:\/\/dobrezrodla.com\/index.php?rest_route=\/wp\/v2\/posts"}],"about":[{"href":"https:\/\/dobrezrodla.com\/index.php?rest_route=\/wp\/v2\/types\/post"}],"author":[{"embeddable":true,"href":"https:\/\/dobrezrodla.com\/index.php?rest_route=\/wp\/v2\/users\/1"}],"replies":[{"embeddable":true,"href":"https:\/\/dobrezrodla.com\/index.php?rest_route=%2Fwp%2Fv2%2Fcomments&post=2724"}],"version-history":[{"count":1,"href":"https:\/\/dobrezrodla.com\/index.php?rest_route=\/wp\/v2\/posts\/2724\/revisions"}],"predecessor-version":[{"id":2726,"href":"https:\/\/dobrezrodla.com\/index.php?rest_route=\/wp\/v2\/posts\/2724\/revisions\/2726"}],"wp:featuredmedia":[{"embeddable":true,"href":"https:\/\/dobrezrodla.com\/index.php?rest_route=\/wp\/v2\/media\/2725"}],"wp:attachment":[{"href":"https:\/\/dobrezrodla.com\/index.php?rest_route=%2Fwp%2Fv2%2Fmedia&parent=2724"}],"wp:term":[{"taxonomy":"category","embeddable":true,"href":"https:\/\/dobrezrodla.com\/index.php?rest_route=%2Fwp%2Fv2%2Fcategories&post=2724"},{"taxonomy":"post_tag","embeddable":true,"href":"https:\/\/dobrezrodla.com\/index.php?rest_route=%2Fwp%2Fv2%2Ftags&post=2724"}],"curies":[{"name":"wp","href":"https:\/\/api.w.org\/{rel}","templated":true}]}}