{"id":2730,"date":"2025-08-13T12:27:27","date_gmt":"2025-08-13T12:27:27","guid":{"rendered":"https:\/\/dobrezrodla.com\/?p=2730"},"modified":"2025-08-13T12:27:28","modified_gmt":"2025-08-13T12:27:28","slug":"slowna-wojna-nawrockiego-i-zurka-poszlo-o-paktofonike-i-filozofie","status":"publish","type":"post","link":"https:\/\/dobrezrodla.com\/?p=2730","title":{"rendered":"S\u0142owna wojna Nawrockiego i \u017burka. Posz\u0142o o&#8230; Paktofonik\u0119 i filozofi\u0119"},"content":{"rendered":"\n<p>Prezydent Karol Nawrocki w ostrych s\u0142owach odpowiedzia\u0142 ministrowi sprawiedliwo\u015bci Waldemarowi \u017burkowi, kt\u00f3ry \u2013 cytuj\u0105c Paktofonik\u0119 <\/p>\n\n\n\n<p>\u2013 zareagowa\u0142 na wcze\u015bniejsz\u0105 krytyk\u0119 s\u0119dzi\u00f3w zawart\u0105 w or\u0119dziu Nawrockiego. \u017burek, nawi\u0105zuj\u0105c do s\u0142\u00f3w rapera Magika, powiedzia\u0142: \u201eJestem Bogiem, u\u015bwiadom to sobie\u201d.<\/p>\n\n\n\n<p>Nawrocki nie pozosta\u0142 d\u0142u\u017cny. W rozmowie z Polsat News zripostowa\u0142: \u201ePanie ministrze, nie jeste\u015b Bogiem, u\u015bwiadom to sobie, sobie\u201d. <\/p>\n\n\n\n<p>Doda\u0142 te\u017c filozoficzne t\u0142o, wspominaj\u0105c Fryderyka Nietzschego i jego s\u0142ynne \u201eB\u00f3g umar\u0142\u201d, a nast\u0119pnie przywo\u0142a\u0142 tragiczn\u0105 histori\u0119 samego Magika, by podkre\u015bli\u0107, \u017ce pycha mo\u017ce prowadzi\u0107 donik\u0105d.<\/p>\n\n\n\n<p>S\u0142owna potyczka mi\u0119dzy prezydentem a ministrem sprawiedliwo\u015bci szybko nabiera tempa \u2013 i jak wida\u0107, w gr\u0119 wchodz\u0105 nie tylko argumenty polityczne, ale te\u017c cytaty z popkultury i filozofii.<\/p>\n","protected":false},"excerpt":{"rendered":"<p>Prezydent Karol Nawrocki w ostrych s\u0142owach odpowiedzia\u0142 ministrowi sprawiedliwo\u015bci Waldemarowi \u017burkowi, kt\u00f3ry \u2013 cytuj\u0105c Paktofonik\u0119 \u2013 zareagowa\u0142 na wcze\u015bniejsz\u0105 krytyk\u0119 s\u0119dzi\u00f3w zawart\u0105 w or\u0119dziu Nawrockiego. \u017burek, nawi\u0105zuj\u0105c do s\u0142\u00f3w rapera Magika, powiedzia\u0142: \u201eJestem Bogiem, u\u015bwiadom to sobie\u201d. Nawrocki nie pozosta\u0142 d\u0142u\u017cny. W rozmowie z Polsat News zripostowa\u0142: \u201ePanie ministrze, nie jeste\u015b Bogiem, u\u015bwiadom to sobie, &#8230; <a title=\"S\u0142owna wojna Nawrockiego i \u017burka. Posz\u0142o o&#8230; Paktofonik\u0119 i filozofi\u0119\" class=\"read-more\" href=\"https:\/\/dobrezrodla.com\/?p=2730\" aria-label=\"Read more about S\u0142owna wojna Nawrockiego i \u017burka. Posz\u0142o o&#8230; Paktofonik\u0119 i filozofi\u0119\">Read more<\/a><\/p>\n","protected":false},"author":1,"featured_media":2731,"comment_status":"open","ping_status":"open","sticky":false,"template":"","format":"standard","meta":{"footnotes":""},"categories":[1],"tags":[],"class_list":["post-2730","post","type-post","status-publish","format-standard","has-post-thumbnail","hentry","category-uncategorized"],"_links":{"self":[{"href":"https:\/\/dobrezrodla.com\/index.php?rest_route=\/wp\/v2\/posts\/2730","targetHints":{"allow":["GET"]}}],"collection":[{"href":"https:\/\/dobrezrodla.com\/index.php?rest_route=\/wp\/v2\/posts"}],"about":[{"href":"https:\/\/dobrezrodla.com\/index.php?rest_route=\/wp\/v2\/types\/post"}],"author":[{"embeddable":true,"href":"https:\/\/dobrezrodla.com\/index.php?rest_route=\/wp\/v2\/users\/1"}],"replies":[{"embeddable":true,"href":"https:\/\/dobrezrodla.com\/index.php?rest_route=%2Fwp%2Fv2%2Fcomments&post=2730"}],"version-history":[{"count":1,"href":"https:\/\/dobrezrodla.com\/index.php?rest_route=\/wp\/v2\/posts\/2730\/revisions"}],"predecessor-version":[{"id":2732,"href":"https:\/\/dobrezrodla.com\/index.php?rest_route=\/wp\/v2\/posts\/2730\/revisions\/2732"}],"wp:featuredmedia":[{"embeddable":true,"href":"https:\/\/dobrezrodla.com\/index.php?rest_route=\/wp\/v2\/media\/2731"}],"wp:attachment":[{"href":"https:\/\/dobrezrodla.com\/index.php?rest_route=%2Fwp%2Fv2%2Fmedia&parent=2730"}],"wp:term":[{"taxonomy":"category","embeddable":true,"href":"https:\/\/dobrezrodla.com\/index.php?rest_route=%2Fwp%2Fv2%2Fcategories&post=2730"},{"taxonomy":"post_tag","embeddable":true,"href":"https:\/\/dobrezrodla.com\/index.php?rest_route=%2Fwp%2Fv2%2Ftags&post=2730"}],"curies":[{"name":"wp","href":"https:\/\/api.w.org\/{rel}","templated":true}]}}