{"id":2733,"date":"2025-08-13T12:28:06","date_gmt":"2025-08-13T12:28:06","guid":{"rendered":"https:\/\/dobrezrodla.com\/?p=2733"},"modified":"2025-08-13T12:28:06","modified_gmt":"2025-08-13T12:28:06","slug":"bogucki-to-sikorski-powinien-zabiegac-o-spotkanie-z-prezydentem-ciezar-polityki-go-przygniotl","status":"publish","type":"post","link":"https:\/\/dobrezrodla.com\/?p=2733","title":{"rendered":"Bogucki: To Sikorski powinien zabiega\u0107 o spotkanie z prezydentem. &#8220;Ci\u0119\u017car polityki go przygni\u00f3t\u0142&#8221;"},"content":{"rendered":"\n<p>Szef Kancelarii Prezydenta Zbigniew Bogucki w programie \u201eJeden na jeden\u201d nie gryz\u0142 si\u0119 w j\u0119zyk. Wed\u0142ug niego, to wicepremier i minister spraw zagranicznych Rados\u0142aw <\/p>\n\n\n\n<p>Sikorski powinien pilnie zabiega\u0107 o spotkanie z prezydentem Karolem Nawrockim, zw\u0142aszcza w kontek\u015bcie zbli\u017caj\u0105cej si\u0119 wizyty g\u0142owy pa\u0144stwa w Bia\u0142ym Domu.<\/p>\n\n\n\n<p>Bogucki ostro skrytykowa\u0142 dzia\u0142ania rz\u0105du, twierdz\u0105c, \u017ce premier Donald Tusk i Sikorski od miesi\u0119cy nie potrafi\u0105 nawi\u0105za\u0107 kontaktu z prezydentem USA, co<\/p>\n\n\n\n<p> \u2013 jak podkre\u015bli\u0142 \u2013 mo\u017ce mie\u0107 fatalne skutki dla bezpiecze\u0144stwa Polski. Doda\u0142 r\u00f3wnie\u017c, \u017ce to nie prezydent ma &#8220;b\u0142aga\u0107&#8221; o rozmow\u0119 z ministrem, kt\u00f3ry jego zdaniem &#8220;nie wywi\u0105zuje si\u0119 ze swoich obowi\u0105zk\u00f3w&#8221;.<\/p>\n\n\n\n<p>Zapowied\u017a spotkania Nawrockiego z Donaldem Trumpem wywo\u0142a\u0142a fal\u0119 komentarzy, a prezydencki ob\u00f3z daje jasno do zrozumienia: prezydent dzia\u0142a wed\u0142ug w\u0142asnej agendy, niezale\u017cnie od politycznych zgrzyt\u00f3w w Warszawie.<\/p>\n","protected":false},"excerpt":{"rendered":"<p>Szef Kancelarii Prezydenta Zbigniew Bogucki w programie \u201eJeden na jeden\u201d nie gryz\u0142 si\u0119 w j\u0119zyk. Wed\u0142ug niego, to wicepremier i minister spraw zagranicznych Rados\u0142aw Sikorski powinien pilnie zabiega\u0107 o spotkanie z prezydentem Karolem Nawrockim, zw\u0142aszcza w kontek\u015bcie zbli\u017caj\u0105cej si\u0119 wizyty g\u0142owy pa\u0144stwa w Bia\u0142ym Domu. Bogucki ostro skrytykowa\u0142 dzia\u0142ania rz\u0105du, twierdz\u0105c, \u017ce premier Donald Tusk &#8230; <a title=\"Bogucki: To Sikorski powinien zabiega\u0107 o spotkanie z prezydentem. &#8220;Ci\u0119\u017car polityki go przygni\u00f3t\u0142&#8221;\" class=\"read-more\" href=\"https:\/\/dobrezrodla.com\/?p=2733\" aria-label=\"Read more about Bogucki: To Sikorski powinien zabiega\u0107 o spotkanie z prezydentem. &#8220;Ci\u0119\u017car polityki go przygni\u00f3t\u0142&#8221;\">Read more<\/a><\/p>\n","protected":false},"author":1,"featured_media":2734,"comment_status":"open","ping_status":"open","sticky":false,"template":"","format":"standard","meta":{"footnotes":""},"categories":[1],"tags":[],"class_list":["post-2733","post","type-post","status-publish","format-standard","has-post-thumbnail","hentry","category-uncategorized"],"_links":{"self":[{"href":"https:\/\/dobrezrodla.com\/index.php?rest_route=\/wp\/v2\/posts\/2733","targetHints":{"allow":["GET"]}}],"collection":[{"href":"https:\/\/dobrezrodla.com\/index.php?rest_route=\/wp\/v2\/posts"}],"about":[{"href":"https:\/\/dobrezrodla.com\/index.php?rest_route=\/wp\/v2\/types\/post"}],"author":[{"embeddable":true,"href":"https:\/\/dobrezrodla.com\/index.php?rest_route=\/wp\/v2\/users\/1"}],"replies":[{"embeddable":true,"href":"https:\/\/dobrezrodla.com\/index.php?rest_route=%2Fwp%2Fv2%2Fcomments&post=2733"}],"version-history":[{"count":1,"href":"https:\/\/dobrezrodla.com\/index.php?rest_route=\/wp\/v2\/posts\/2733\/revisions"}],"predecessor-version":[{"id":2735,"href":"https:\/\/dobrezrodla.com\/index.php?rest_route=\/wp\/v2\/posts\/2733\/revisions\/2735"}],"wp:featuredmedia":[{"embeddable":true,"href":"https:\/\/dobrezrodla.com\/index.php?rest_route=\/wp\/v2\/media\/2734"}],"wp:attachment":[{"href":"https:\/\/dobrezrodla.com\/index.php?rest_route=%2Fwp%2Fv2%2Fmedia&parent=2733"}],"wp:term":[{"taxonomy":"category","embeddable":true,"href":"https:\/\/dobrezrodla.com\/index.php?rest_route=%2Fwp%2Fv2%2Fcategories&post=2733"},{"taxonomy":"post_tag","embeddable":true,"href":"https:\/\/dobrezrodla.com\/index.php?rest_route=%2Fwp%2Fv2%2Ftags&post=2733"}],"curies":[{"name":"wp","href":"https:\/\/api.w.org\/{rel}","templated":true}]}}