{"id":2742,"date":"2025-08-13T12:29:47","date_gmt":"2025-08-13T12:29:47","guid":{"rendered":"https:\/\/dobrezrodla.com\/?p=2742"},"modified":"2025-08-13T12:29:48","modified_gmt":"2025-08-13T12:29:48","slug":"o-rydzyk-grzmi-na-rzad-tuska-czy-oni-sa-polakami","status":"publish","type":"post","link":"https:\/\/dobrezrodla.com\/?p=2742","title":{"rendered":"O. Rydzyk grzmi na rz\u0105d Tuska: &#8220;Czy oni s\u0105 Polakami?&#8221;"},"content":{"rendered":"\n<p>O. Tadeusz Rydzyk w ostrych s\u0142owach zaatakowa\u0142 dzia\u0142ania rz\u0105du Donalda Tuska, zarzucaj\u0105c w\u0142adzom \u201eprze\u015bladowanie\u201d, \u201en\u0119kanie\u201d i \u201edyskryminacj\u0119\u201d fundacji Lux Veritatis oraz powi\u0105zanego z ni\u0105 Muzeum <\/p>\n\n\n\n<p>\u201ePami\u0119\u0107 i To\u017csamo\u015b\u0107\u201d w Toruniu. Jak podkre\u015bli\u0142 na antenie Radia Maryja, kontrole instytucji odbywaj\u0105 si\u0119 nieustannie, a ich celem \u2013 wed\u0142ug redemptorysty \u2013 jest likwidacja muzeum.<\/p>\n\n\n\n<p>\u2013 Sko\u0144czy\u0142a si\u0119 jedna kontrola, to by\u0142a nast\u0119pna albo kilka naraz. Ja si\u0119 pytam: czy oni s\u0105 Polakami? \u2013 grzmia\u0142 Rydzyk.<\/p>\n\n\n\n<p>Sp\u00f3r nasili\u0142 si\u0119 po tym, jak Ministerstwo Kultury z\u0142o\u017cy\u0142o pozew o uniewa\u017cnienie umowy powo\u0142uj\u0105cej muzeum. Resort twierdzi, \u017ce dzia\u0142a w interesie publicznym. <\/p>\n\n\n\n<p>O. Rydzyk odpowiada: \u2013 Nigdy \u017caden podmiot nie by\u0142 tak traktowany. To nie jest muzeum Radia Maryja, to muzeum narodu polskiego.<\/p>\n\n\n\n<p>Duchowny podkre\u015bli\u0142, \u017ce dzia\u0142alno\u015b\u0107 muzeum to \u201eogromny wysi\u0142ek dla Polski\u201d i oskar\u017cy\u0142 rz\u0105dz\u0105cych o pr\u00f3b\u0119 zniszczenia dorobku jego fundacji.<\/p>\n","protected":false},"excerpt":{"rendered":"<p>O. Tadeusz Rydzyk w ostrych s\u0142owach zaatakowa\u0142 dzia\u0142ania rz\u0105du Donalda Tuska, zarzucaj\u0105c w\u0142adzom \u201eprze\u015bladowanie\u201d, \u201en\u0119kanie\u201d i \u201edyskryminacj\u0119\u201d fundacji Lux Veritatis oraz powi\u0105zanego z ni\u0105 Muzeum \u201ePami\u0119\u0107 i To\u017csamo\u015b\u0107\u201d w Toruniu. Jak podkre\u015bli\u0142 na antenie Radia Maryja, kontrole instytucji odbywaj\u0105 si\u0119 nieustannie, a ich celem \u2013 wed\u0142ug redemptorysty \u2013 jest likwidacja muzeum. \u2013 Sko\u0144czy\u0142a si\u0119 jedna &#8230; <a title=\"O. Rydzyk grzmi na rz\u0105d Tuska: &#8220;Czy oni s\u0105 Polakami?&#8221;\" class=\"read-more\" href=\"https:\/\/dobrezrodla.com\/?p=2742\" aria-label=\"Read more about O. Rydzyk grzmi na rz\u0105d Tuska: &#8220;Czy oni s\u0105 Polakami?&#8221;\">Read more<\/a><\/p>\n","protected":false},"author":1,"featured_media":2743,"comment_status":"open","ping_status":"open","sticky":false,"template":"","format":"standard","meta":{"footnotes":""},"categories":[1],"tags":[],"class_list":["post-2742","post","type-post","status-publish","format-standard","has-post-thumbnail","hentry","category-uncategorized"],"_links":{"self":[{"href":"https:\/\/dobrezrodla.com\/index.php?rest_route=\/wp\/v2\/posts\/2742","targetHints":{"allow":["GET"]}}],"collection":[{"href":"https:\/\/dobrezrodla.com\/index.php?rest_route=\/wp\/v2\/posts"}],"about":[{"href":"https:\/\/dobrezrodla.com\/index.php?rest_route=\/wp\/v2\/types\/post"}],"author":[{"embeddable":true,"href":"https:\/\/dobrezrodla.com\/index.php?rest_route=\/wp\/v2\/users\/1"}],"replies":[{"embeddable":true,"href":"https:\/\/dobrezrodla.com\/index.php?rest_route=%2Fwp%2Fv2%2Fcomments&post=2742"}],"version-history":[{"count":1,"href":"https:\/\/dobrezrodla.com\/index.php?rest_route=\/wp\/v2\/posts\/2742\/revisions"}],"predecessor-version":[{"id":2744,"href":"https:\/\/dobrezrodla.com\/index.php?rest_route=\/wp\/v2\/posts\/2742\/revisions\/2744"}],"wp:featuredmedia":[{"embeddable":true,"href":"https:\/\/dobrezrodla.com\/index.php?rest_route=\/wp\/v2\/media\/2743"}],"wp:attachment":[{"href":"https:\/\/dobrezrodla.com\/index.php?rest_route=%2Fwp%2Fv2%2Fmedia&parent=2742"}],"wp:term":[{"taxonomy":"category","embeddable":true,"href":"https:\/\/dobrezrodla.com\/index.php?rest_route=%2Fwp%2Fv2%2Fcategories&post=2742"},{"taxonomy":"post_tag","embeddable":true,"href":"https:\/\/dobrezrodla.com\/index.php?rest_route=%2Fwp%2Fv2%2Ftags&post=2742"}],"curies":[{"name":"wp","href":"https:\/\/api.w.org\/{rel}","templated":true}]}}