{"id":2745,"date":"2025-08-13T12:30:19","date_gmt":"2025-08-13T12:30:19","guid":{"rendered":"https:\/\/dobrezrodla.com\/?p=2745"},"modified":"2025-08-13T12:30:19","modified_gmt":"2025-08-13T12:30:19","slug":"nawrocki-cytuje-paktofonike-i-nietzschego-w-odpowiedzi-zurkowi-nie-jestes-bogiem","status":"publish","type":"post","link":"https:\/\/dobrezrodla.com\/?p=2745","title":{"rendered":"Nawrocki cytuje Paktofonik\u0119 i Nietzschego w odpowiedzi \u017burkowi. \u201eNie jeste\u015b Bogiem\u201d"},"content":{"rendered":"\n<p>Karol Nawrocki nie pozosta\u0142 oboj\u0119tny wobec s\u0142\u00f3w ministra sprawiedliwo\u015bci Waldemara \u017burka, kt\u00f3ry \u2013 odnosz\u0105c si\u0119 do jego or\u0119dzia <\/p>\n\n\n\n<p>\u2013 zacytowa\u0142 kultowy wers z utworu Paktofoniki: \u201eJestem Bogiem, u\u015bwiadom to sobie\u201d.<\/p>\n\n\n\n<p>Prezydent odpowiedzia\u0142 z mocnym przekazem \u2013 r\u00f3wnie\u017c odwo\u0142uj\u0105c si\u0119 do Paktofoniki, ale tym razem puentuj\u0105c: \u201ePanie ministrze, nie jeste\u015b <\/p>\n\n\n\n<p>Bogiem, u\u015bwiadom to sobie, sobie\u201d. Przy okazji przywo\u0142a\u0142 te\u017c Fryderyka Nietzschego i tragiczny los lidera Paktofoniki, Magika.<\/p>\n\n\n\n<p>\u2013 Niestety, Magik przekona\u0142 si\u0119 w spos\u00f3b tragiczny, \u017ce nie jest Bogiem \u2013 powiedzia\u0142 Nawrocki, nadaj\u0105c wypowiedzi powa\u017cniejszy ton.<\/p>\n\n\n\n<p>Prezydent doda\u0142 r\u00f3wnie\u017c, \u017ce nie widzi potrzeby spotkania z premierem Tuskiem przed planowan\u0105 wizyt\u0105 u Donalda Trumpa. <\/p>\n\n\n\n<p>\u2013 Pan premier Tusk nie dopomina si\u0119 o spotkanie, wi\u0119c ja r\u00f3wnie\u017c nie widz\u0119 takiej potrzeby \u2013 stwierdzi\u0142.<\/p>\n","protected":false},"excerpt":{"rendered":"<p>Karol Nawrocki nie pozosta\u0142 oboj\u0119tny wobec s\u0142\u00f3w ministra sprawiedliwo\u015bci Waldemara \u017burka, kt\u00f3ry \u2013 odnosz\u0105c si\u0119 do jego or\u0119dzia \u2013 zacytowa\u0142 kultowy wers z utworu Paktofoniki: \u201eJestem Bogiem, u\u015bwiadom to sobie\u201d. Prezydent odpowiedzia\u0142 z mocnym przekazem \u2013 r\u00f3wnie\u017c odwo\u0142uj\u0105c si\u0119 do Paktofoniki, ale tym razem puentuj\u0105c: \u201ePanie ministrze, nie jeste\u015b Bogiem, u\u015bwiadom to sobie, sobie\u201d. Przy &#8230; <a title=\"Nawrocki cytuje Paktofonik\u0119 i Nietzschego w odpowiedzi \u017burkowi. \u201eNie jeste\u015b Bogiem\u201d\" class=\"read-more\" href=\"https:\/\/dobrezrodla.com\/?p=2745\" aria-label=\"Read more about Nawrocki cytuje Paktofonik\u0119 i Nietzschego w odpowiedzi \u017burkowi. \u201eNie jeste\u015b Bogiem\u201d\">Read more<\/a><\/p>\n","protected":false},"author":1,"featured_media":2746,"comment_status":"open","ping_status":"open","sticky":false,"template":"","format":"standard","meta":{"footnotes":""},"categories":[1],"tags":[],"class_list":["post-2745","post","type-post","status-publish","format-standard","has-post-thumbnail","hentry","category-uncategorized"],"_links":{"self":[{"href":"https:\/\/dobrezrodla.com\/index.php?rest_route=\/wp\/v2\/posts\/2745","targetHints":{"allow":["GET"]}}],"collection":[{"href":"https:\/\/dobrezrodla.com\/index.php?rest_route=\/wp\/v2\/posts"}],"about":[{"href":"https:\/\/dobrezrodla.com\/index.php?rest_route=\/wp\/v2\/types\/post"}],"author":[{"embeddable":true,"href":"https:\/\/dobrezrodla.com\/index.php?rest_route=\/wp\/v2\/users\/1"}],"replies":[{"embeddable":true,"href":"https:\/\/dobrezrodla.com\/index.php?rest_route=%2Fwp%2Fv2%2Fcomments&post=2745"}],"version-history":[{"count":1,"href":"https:\/\/dobrezrodla.com\/index.php?rest_route=\/wp\/v2\/posts\/2745\/revisions"}],"predecessor-version":[{"id":2747,"href":"https:\/\/dobrezrodla.com\/index.php?rest_route=\/wp\/v2\/posts\/2745\/revisions\/2747"}],"wp:featuredmedia":[{"embeddable":true,"href":"https:\/\/dobrezrodla.com\/index.php?rest_route=\/wp\/v2\/media\/2746"}],"wp:attachment":[{"href":"https:\/\/dobrezrodla.com\/index.php?rest_route=%2Fwp%2Fv2%2Fmedia&parent=2745"}],"wp:term":[{"taxonomy":"category","embeddable":true,"href":"https:\/\/dobrezrodla.com\/index.php?rest_route=%2Fwp%2Fv2%2Fcategories&post=2745"},{"taxonomy":"post_tag","embeddable":true,"href":"https:\/\/dobrezrodla.com\/index.php?rest_route=%2Fwp%2Fv2%2Ftags&post=2745"}],"curies":[{"name":"wp","href":"https:\/\/api.w.org\/{rel}","templated":true}]}}