{"id":2752,"date":"2025-08-13T12:39:11","date_gmt":"2025-08-13T12:39:11","guid":{"rendered":"https:\/\/dobrezrodla.com\/?p=2752"},"modified":"2025-08-13T12:39:12","modified_gmt":"2025-08-13T12:39:12","slug":"pawel-zalewski-polityk-ktory-stracil-oboje-rodzicow-w-ciagu-dwoch-lat-prywatny-zal-i-publiczne-zobowiazania","status":"publish","type":"post","link":"https:\/\/dobrezrodla.com\/?p=2752","title":{"rendered":"Pawe\u0142 Zalewski \u2013 polityk, kt\u00f3ry straci\u0142 oboje rodzic\u00f3w w ci\u0105gu dw\u00f3ch lat: prywatny \u017cal i publiczne zobowi\u0105zania"},"content":{"rendered":"\n<p><strong>Pawe\u0142 Zalewski<\/strong>, do\u015bwiadczony polityk i parlamentarzysta, przeszed\u0142 przez okres bardzo trudnych osobistych strat. <\/p>\n\n\n\n<p>W 2018 roku straci\u0142 matk\u0119, co zbieg\u0142o si\u0119 z dniem matki i by\u0142o bolesnym momentem jego \u017cycia. Kilka lat p\u00f3\u017aniej, w grudniu 2020 roku, odszed\u0142 jego ojciec \u2014 zmar\u0142 po zachorowaniu na COVID-19, w wieku 93 lat <\/p>\n\n\n\n<p>Dwa lata pe\u0142ne \u017calu i po\u017cegna\u0144 mog\u0142y za\u0142ama\u0107 ka\u017cdego, ale Pawe\u0142 Zalewski wybra\u0142 drog\u0119 wywa\u017conego dzia\u0142ania. <\/p>\n\n\n\n<p>Mimo ci\u0119\u017caru osobistego, kontynuowa\u0142 swoje obowi\u0105zki publiczne, pozostaj\u0105c aktywnym politykiem zaanga\u017cowanym w sprawy kraju. <\/p>\n\n\n\n<p>Jego historia to przypomnienie, \u017ce smutek i pasja do s\u0142u\u017cby publicznej mog\u0105 i\u015b\u0107 w parze \u2014 nawet w najtrudniejszych momentach.<\/p>\n","protected":false},"excerpt":{"rendered":"<p>Pawe\u0142 Zalewski, do\u015bwiadczony polityk i parlamentarzysta, przeszed\u0142 przez okres bardzo trudnych osobistych strat. W 2018 roku straci\u0142 matk\u0119, co zbieg\u0142o si\u0119 z dniem matki i by\u0142o bolesnym momentem jego \u017cycia. Kilka lat p\u00f3\u017aniej, w grudniu 2020 roku, odszed\u0142 jego ojciec \u2014 zmar\u0142 po zachorowaniu na COVID-19, w wieku 93 lat Dwa lata pe\u0142ne \u017calu i &#8230; <a title=\"Pawe\u0142 Zalewski \u2013 polityk, kt\u00f3ry straci\u0142 oboje rodzic\u00f3w w ci\u0105gu dw\u00f3ch lat: prywatny \u017cal i publiczne zobowi\u0105zania\" class=\"read-more\" href=\"https:\/\/dobrezrodla.com\/?p=2752\" aria-label=\"Read more about Pawe\u0142 Zalewski \u2013 polityk, kt\u00f3ry straci\u0142 oboje rodzic\u00f3w w ci\u0105gu dw\u00f3ch lat: prywatny \u017cal i publiczne zobowi\u0105zania\">Read more<\/a><\/p>\n","protected":false},"author":1,"featured_media":0,"comment_status":"open","ping_status":"open","sticky":false,"template":"","format":"standard","meta":{"footnotes":""},"categories":[1],"tags":[],"class_list":["post-2752","post","type-post","status-publish","format-standard","hentry","category-uncategorized"],"_links":{"self":[{"href":"https:\/\/dobrezrodla.com\/index.php?rest_route=\/wp\/v2\/posts\/2752","targetHints":{"allow":["GET"]}}],"collection":[{"href":"https:\/\/dobrezrodla.com\/index.php?rest_route=\/wp\/v2\/posts"}],"about":[{"href":"https:\/\/dobrezrodla.com\/index.php?rest_route=\/wp\/v2\/types\/post"}],"author":[{"embeddable":true,"href":"https:\/\/dobrezrodla.com\/index.php?rest_route=\/wp\/v2\/users\/1"}],"replies":[{"embeddable":true,"href":"https:\/\/dobrezrodla.com\/index.php?rest_route=%2Fwp%2Fv2%2Fcomments&post=2752"}],"version-history":[{"count":1,"href":"https:\/\/dobrezrodla.com\/index.php?rest_route=\/wp\/v2\/posts\/2752\/revisions"}],"predecessor-version":[{"id":2753,"href":"https:\/\/dobrezrodla.com\/index.php?rest_route=\/wp\/v2\/posts\/2752\/revisions\/2753"}],"wp:attachment":[{"href":"https:\/\/dobrezrodla.com\/index.php?rest_route=%2Fwp%2Fv2%2Fmedia&parent=2752"}],"wp:term":[{"taxonomy":"category","embeddable":true,"href":"https:\/\/dobrezrodla.com\/index.php?rest_route=%2Fwp%2Fv2%2Fcategories&post=2752"},{"taxonomy":"post_tag","embeddable":true,"href":"https:\/\/dobrezrodla.com\/index.php?rest_route=%2Fwp%2Fv2%2Ftags&post=2752"}],"curies":[{"name":"wp","href":"https:\/\/api.w.org\/{rel}","templated":true}]}}