{"id":2755,"date":"2025-08-14T09:22:38","date_gmt":"2025-08-14T09:22:38","guid":{"rendered":"https:\/\/dobrezrodla.com\/?p=2755"},"modified":"2025-08-14T09:22:39","modified_gmt":"2025-08-14T09:22:39","slug":"zmarl-andrzej-werner-intelektualny-buntownik-ktory-zostawil-trwaly-slad-w-polskiej-kulturze","status":"publish","type":"post","link":"https:\/\/dobrezrodla.com\/?p=2755","title":{"rendered":"Zmar\u0142 Andrzej Werner \u2013 intelektualny buntownik, kt\u00f3ry zostawi\u0142 trwa\u0142y \u015blad w polskiej kulturze"},"content":{"rendered":"\n<p>Nie \u017cyje Andrzej Werner \u2013 jeden z najbardziej wyrazistych g\u0142os\u00f3w polskiej krytyki literackiej i filmowej. Mia\u0142 84 lata.<\/p>\n\n\n\n<p> Zas\u0142yn\u0105\u0142 nie tylko jako autor licznych publikacji i znawca kina, ale te\u017c jako aktywny uczestnik \u017cycia opozycyjnego w czasach PRL-u.<\/p>\n\n\n\n<p>Werner by\u0142 postaci\u0105 nietuzinkow\u0105: \u0142\u0105czy\u0142 akademick\u0105 erudycj\u0119 z niezale\u017cno\u015bci\u0105 my\u015blenia. W stanie wojennym zosta\u0142 internowany za swoje zaanga\u017cowanie w dzia\u0142alno\u015b\u0107 Komitetu Obrony Robotnik\u00f3w i niezale\u017cn\u0105 pras\u0119. <\/p>\n\n\n\n<p>By\u0142 wyk\u0142adowc\u0105, redaktorem, eseist\u0105, autorem wp\u0142ywowych ksi\u0105\u017cek, a po 1989 roku tak\u017ce wsp\u00f3\u0142tw\u00f3rc\u0105 nowego kszta\u0142tu polskiego kina i debaty publicznej.<\/p>\n\n\n\n<p>Jego dorobek to m.in. &#8220;Zwyczajna apokalipsa&#8221;, &#8220;Pasja i nuda&#8221; czy &#8220;To jest kino&#8221; \u2013 tytu\u0142y, kt\u00f3re dzi\u015b uchodz\u0105 za klasyki analizy kultury. Za swoje zas\u0142ugi otrzyma\u0142 presti\u017cowe odznaczenia pa\u0144stwowe i bran\u017cowe, m.in. Krzy\u017c Wolno\u015bci i Solidarno\u015bci. By\u0142 te\u017c ojcem krytyka filmowego Mateusza Wernera.<\/p>\n\n\n\n<p>Jego \u015bmier\u0107, jak napisa\u0142 Adam Michnik, to \u201eogromna strata dla kultury i \u017cycia publicznego w Polsce\u201d.<\/p>\n","protected":false},"excerpt":{"rendered":"<p>Nie \u017cyje Andrzej Werner \u2013 jeden z najbardziej wyrazistych g\u0142os\u00f3w polskiej krytyki literackiej i filmowej. Mia\u0142 84 lata. Zas\u0142yn\u0105\u0142 nie tylko jako autor licznych publikacji i znawca kina, ale te\u017c jako aktywny uczestnik \u017cycia opozycyjnego w czasach PRL-u. Werner by\u0142 postaci\u0105 nietuzinkow\u0105: \u0142\u0105czy\u0142 akademick\u0105 erudycj\u0119 z niezale\u017cno\u015bci\u0105 my\u015blenia. W stanie wojennym zosta\u0142 internowany za swoje &#8230; <a title=\"Zmar\u0142 Andrzej Werner \u2013 intelektualny buntownik, kt\u00f3ry zostawi\u0142 trwa\u0142y \u015blad w polskiej kulturze\" class=\"read-more\" href=\"https:\/\/dobrezrodla.com\/?p=2755\" aria-label=\"Read more about Zmar\u0142 Andrzej Werner \u2013 intelektualny buntownik, kt\u00f3ry zostawi\u0142 trwa\u0142y \u015blad w polskiej kulturze\">Read more<\/a><\/p>\n","protected":false},"author":1,"featured_media":2756,"comment_status":"open","ping_status":"open","sticky":false,"template":"","format":"standard","meta":{"footnotes":""},"categories":[1],"tags":[],"class_list":["post-2755","post","type-post","status-publish","format-standard","has-post-thumbnail","hentry","category-uncategorized"],"_links":{"self":[{"href":"https:\/\/dobrezrodla.com\/index.php?rest_route=\/wp\/v2\/posts\/2755","targetHints":{"allow":["GET"]}}],"collection":[{"href":"https:\/\/dobrezrodla.com\/index.php?rest_route=\/wp\/v2\/posts"}],"about":[{"href":"https:\/\/dobrezrodla.com\/index.php?rest_route=\/wp\/v2\/types\/post"}],"author":[{"embeddable":true,"href":"https:\/\/dobrezrodla.com\/index.php?rest_route=\/wp\/v2\/users\/1"}],"replies":[{"embeddable":true,"href":"https:\/\/dobrezrodla.com\/index.php?rest_route=%2Fwp%2Fv2%2Fcomments&post=2755"}],"version-history":[{"count":1,"href":"https:\/\/dobrezrodla.com\/index.php?rest_route=\/wp\/v2\/posts\/2755\/revisions"}],"predecessor-version":[{"id":2757,"href":"https:\/\/dobrezrodla.com\/index.php?rest_route=\/wp\/v2\/posts\/2755\/revisions\/2757"}],"wp:featuredmedia":[{"embeddable":true,"href":"https:\/\/dobrezrodla.com\/index.php?rest_route=\/wp\/v2\/media\/2756"}],"wp:attachment":[{"href":"https:\/\/dobrezrodla.com\/index.php?rest_route=%2Fwp%2Fv2%2Fmedia&parent=2755"}],"wp:term":[{"taxonomy":"category","embeddable":true,"href":"https:\/\/dobrezrodla.com\/index.php?rest_route=%2Fwp%2Fv2%2Fcategories&post=2755"},{"taxonomy":"post_tag","embeddable":true,"href":"https:\/\/dobrezrodla.com\/index.php?rest_route=%2Fwp%2Fv2%2Ftags&post=2755"}],"curies":[{"name":"wp","href":"https:\/\/api.w.org\/{rel}","templated":true}]}}