{"id":2764,"date":"2025-08-14T09:24:24","date_gmt":"2025-08-14T09:24:24","guid":{"rendered":"https:\/\/dobrezrodla.com\/?p=2764"},"modified":"2025-08-14T09:24:24","modified_gmt":"2025-08-14T09:24:24","slug":"nowy-prezydent-czeka-na-gest-od-tuska-jeszcze-nie-przeszlo-mu-przez-gardlo","status":"publish","type":"post","link":"https:\/\/dobrezrodla.com\/?p=2764","title":{"rendered":"Nowy prezydent czeka na gest od Tuska. &#8220;Jeszcze nie przesz\u0142o mu przez gard\u0142o?&#8221;"},"content":{"rendered":"\n<p>Cho\u0107 Karol Nawrocki od tygodni zasiada w fotelu prezydenta, z ust premiera Donalda Tuska wci\u0105\u017c nie pad\u0142y publiczne gratulacje. <\/p>\n\n\n\n<p>Prezydent nie kryje zaskoczenia i w rozmowie z Polsat News zasugerowa\u0142, \u017ce \u201echyba najwy\u017cszy czas, \u017ceby pan premier z\u0142o\u017cy\u0142\u201d.<\/p>\n\n\n\n<p>\u2013 Mo\u017ce to b\u0119dzie okazja, by wreszcie porozmawia\u0107 o kierunkach wsp\u00f3\u0142pracy \u2013 powiedzia\u0142 Nawrocki, pytany o zaproszenie dla Tuska przed zaplanowan\u0105 wizyt\u0105 w USA i spotkaniem z Donaldem Trumpem. <\/p>\n\n\n\n<p>Wbi\u0142 te\u017c szpil\u0119, dodaj\u0105c, \u017ce \u201echyba jeszcze to nie przesz\u0142o przez gard\u0142o pana premiera\u201d.<\/p>\n\n\n\n<p>Cho\u0107 podkre\u015bli\u0142, \u017ce \u201enie siedzi i nie czeka\u201d, to jego s\u0142owa zabrzmia\u0142y jak wyra\u017ane oczekiwanie symbolicznego gestu ze strony szefa rz\u0105du.<\/p>\n\n\n\n<p> Nawrocki zaznaczy\u0142, \u017ce w polityce liczy si\u0119 kultura i zasady, a ich przestrzeganie powinno by\u0107 standardem \u2013 nawet przy r\u00f3\u017cnicach zda\u0144.<\/p>\n\n\n\n<p>Tusk milczy. Nawrocki punktuje.<\/p>\n","protected":false},"excerpt":{"rendered":"<p>Cho\u0107 Karol Nawrocki od tygodni zasiada w fotelu prezydenta, z ust premiera Donalda Tuska wci\u0105\u017c nie pad\u0142y publiczne gratulacje. Prezydent nie kryje zaskoczenia i w rozmowie z Polsat News zasugerowa\u0142, \u017ce \u201echyba najwy\u017cszy czas, \u017ceby pan premier z\u0142o\u017cy\u0142\u201d. \u2013 Mo\u017ce to b\u0119dzie okazja, by wreszcie porozmawia\u0107 o kierunkach wsp\u00f3\u0142pracy \u2013 powiedzia\u0142 Nawrocki, pytany o zaproszenie &#8230; <a title=\"Nowy prezydent czeka na gest od Tuska. &#8220;Jeszcze nie przesz\u0142o mu przez gard\u0142o?&#8221;\" class=\"read-more\" href=\"https:\/\/dobrezrodla.com\/?p=2764\" aria-label=\"Read more about Nowy prezydent czeka na gest od Tuska. &#8220;Jeszcze nie przesz\u0142o mu przez gard\u0142o?&#8221;\">Read more<\/a><\/p>\n","protected":false},"author":1,"featured_media":2765,"comment_status":"open","ping_status":"open","sticky":false,"template":"","format":"standard","meta":{"footnotes":""},"categories":[1],"tags":[],"class_list":["post-2764","post","type-post","status-publish","format-standard","has-post-thumbnail","hentry","category-uncategorized"],"_links":{"self":[{"href":"https:\/\/dobrezrodla.com\/index.php?rest_route=\/wp\/v2\/posts\/2764","targetHints":{"allow":["GET"]}}],"collection":[{"href":"https:\/\/dobrezrodla.com\/index.php?rest_route=\/wp\/v2\/posts"}],"about":[{"href":"https:\/\/dobrezrodla.com\/index.php?rest_route=\/wp\/v2\/types\/post"}],"author":[{"embeddable":true,"href":"https:\/\/dobrezrodla.com\/index.php?rest_route=\/wp\/v2\/users\/1"}],"replies":[{"embeddable":true,"href":"https:\/\/dobrezrodla.com\/index.php?rest_route=%2Fwp%2Fv2%2Fcomments&post=2764"}],"version-history":[{"count":1,"href":"https:\/\/dobrezrodla.com\/index.php?rest_route=\/wp\/v2\/posts\/2764\/revisions"}],"predecessor-version":[{"id":2766,"href":"https:\/\/dobrezrodla.com\/index.php?rest_route=\/wp\/v2\/posts\/2764\/revisions\/2766"}],"wp:featuredmedia":[{"embeddable":true,"href":"https:\/\/dobrezrodla.com\/index.php?rest_route=\/wp\/v2\/media\/2765"}],"wp:attachment":[{"href":"https:\/\/dobrezrodla.com\/index.php?rest_route=%2Fwp%2Fv2%2Fmedia&parent=2764"}],"wp:term":[{"taxonomy":"category","embeddable":true,"href":"https:\/\/dobrezrodla.com\/index.php?rest_route=%2Fwp%2Fv2%2Fcategories&post=2764"},{"taxonomy":"post_tag","embeddable":true,"href":"https:\/\/dobrezrodla.com\/index.php?rest_route=%2Fwp%2Fv2%2Ftags&post=2764"}],"curies":[{"name":"wp","href":"https:\/\/api.w.org\/{rel}","templated":true}]}}