{"id":2770,"date":"2025-08-14T09:25:37","date_gmt":"2025-08-14T09:25:37","guid":{"rendered":"https:\/\/dobrezrodla.com\/?p=2770"},"modified":"2025-08-14T09:25:37","modified_gmt":"2025-08-14T09:25:37","slug":"kulisy-rozmow-z-trumpem-kto-naprawde-reprezentuje-polske-tusk-czy-nawrocki","status":"publish","type":"post","link":"https:\/\/dobrezrodla.com\/?p=2770","title":{"rendered":"Kulisy rozm\u00f3w z Trumpem: kto naprawd\u0119 reprezentuje Polsk\u0119? Tusk czy Nawrocki?"},"content":{"rendered":"\n<p>W \u015brod\u0119 dosz\u0142o do serii kluczowych rozm\u00f3w mi\u0119dzynarodowych dotycz\u0105cych Ukrainy i zbli\u017caj\u0105cego si\u0119 spotkania Donalda Trumpa z W\u0142adimirem Putinem. I cho\u0107 zar\u00f3wno premier Donald Tusk, jak i prezydent <\/p>\n\n\n\n<p>Karol Nawrocki byli zaanga\u017cowani w konsultacje z europejskimi liderami i prezydentem USA, to w\u0142a\u015bnie udzia\u0142 Nawrockiego w wideokonferencji z Trumpem wywo\u0142a\u0142 medialn\u0105 burz\u0119.<\/p>\n\n\n\n<p>Jak ustali\u0142a Arleta Zalewska z \u201eFakt\u00f3w\u201d TVN, Kancelaria Prezydenta od kilkudziesi\u0119ciu godzin intensywnie zabiega\u0142a o to, by to w\u0142a\u015bnie Nawrocki zasiad\u0142 przy wirtualnym stole z ameryka\u0144skim prezydentem. <\/p>\n\n\n\n<p>Oficjalnie \u2013 wszystko by\u0142o uzgadniane z Kancelari\u0105 Premiera, ale nieoficjalnie pojawiaj\u0105 si\u0119 zarzuty o pr\u00f3b\u0119 rozgrywania mi\u0119dzynarodowej sceny politycznej w celach wewn\u0119trznych.<\/p>\n\n\n\n<p>Dziennikarz \u201eGazety Wyborczej\u201d Bartosz Wieli\u0144ski nie owija\u0142 w bawe\u0142n\u0119 \u2013 zasugerowa\u0142, \u017ce Kancelaria Prezydenta wykorzysta\u0142a presj\u0119 ze strony USA, by Nawrocki m\u00f3g\u0142 zast\u0105pi\u0107 Tuska w najwa\u017cniejszym momencie. \u2013 To ociera si\u0119 o zdrad\u0119 \u2013 skwitowa\u0142 ostro.<\/p>\n\n\n\n<p>W grze o wp\u0142ywy na linii Pa\u0142ac Prezydencki\u2013KPRM nie chodzi ju\u017c tylko o protok\u00f3\u0142 czy symbolik\u0119. Na szali le\u017cy pozycja Polski na arenie mi\u0119dzynarodowej i jej rola w rozmowach o przysz\u0142o\u015bci Europy Wschodniej. A wszystko to w cieniu napi\u0119\u0107, kt\u00f3re zamiast \u0142agodnie\u0107 \u2013 tylko si\u0119 zaostrzaj\u0105.<\/p>\n","protected":false},"excerpt":{"rendered":"<p>W \u015brod\u0119 dosz\u0142o do serii kluczowych rozm\u00f3w mi\u0119dzynarodowych dotycz\u0105cych Ukrainy i zbli\u017caj\u0105cego si\u0119 spotkania Donalda Trumpa z W\u0142adimirem Putinem. I cho\u0107 zar\u00f3wno premier Donald Tusk, jak i prezydent Karol Nawrocki byli zaanga\u017cowani w konsultacje z europejskimi liderami i prezydentem USA, to w\u0142a\u015bnie udzia\u0142 Nawrockiego w wideokonferencji z Trumpem wywo\u0142a\u0142 medialn\u0105 burz\u0119. Jak ustali\u0142a Arleta Zalewska &#8230; <a title=\"Kulisy rozm\u00f3w z Trumpem: kto naprawd\u0119 reprezentuje Polsk\u0119? Tusk czy Nawrocki?\" class=\"read-more\" href=\"https:\/\/dobrezrodla.com\/?p=2770\" aria-label=\"Read more about Kulisy rozm\u00f3w z Trumpem: kto naprawd\u0119 reprezentuje Polsk\u0119? Tusk czy Nawrocki?\">Read more<\/a><\/p>\n","protected":false},"author":1,"featured_media":2771,"comment_status":"open","ping_status":"open","sticky":false,"template":"","format":"standard","meta":{"footnotes":""},"categories":[1],"tags":[],"class_list":["post-2770","post","type-post","status-publish","format-standard","has-post-thumbnail","hentry","category-uncategorized"],"_links":{"self":[{"href":"https:\/\/dobrezrodla.com\/index.php?rest_route=\/wp\/v2\/posts\/2770","targetHints":{"allow":["GET"]}}],"collection":[{"href":"https:\/\/dobrezrodla.com\/index.php?rest_route=\/wp\/v2\/posts"}],"about":[{"href":"https:\/\/dobrezrodla.com\/index.php?rest_route=\/wp\/v2\/types\/post"}],"author":[{"embeddable":true,"href":"https:\/\/dobrezrodla.com\/index.php?rest_route=\/wp\/v2\/users\/1"}],"replies":[{"embeddable":true,"href":"https:\/\/dobrezrodla.com\/index.php?rest_route=%2Fwp%2Fv2%2Fcomments&post=2770"}],"version-history":[{"count":1,"href":"https:\/\/dobrezrodla.com\/index.php?rest_route=\/wp\/v2\/posts\/2770\/revisions"}],"predecessor-version":[{"id":2772,"href":"https:\/\/dobrezrodla.com\/index.php?rest_route=\/wp\/v2\/posts\/2770\/revisions\/2772"}],"wp:featuredmedia":[{"embeddable":true,"href":"https:\/\/dobrezrodla.com\/index.php?rest_route=\/wp\/v2\/media\/2771"}],"wp:attachment":[{"href":"https:\/\/dobrezrodla.com\/index.php?rest_route=%2Fwp%2Fv2%2Fmedia&parent=2770"}],"wp:term":[{"taxonomy":"category","embeddable":true,"href":"https:\/\/dobrezrodla.com\/index.php?rest_route=%2Fwp%2Fv2%2Fcategories&post=2770"},{"taxonomy":"post_tag","embeddable":true,"href":"https:\/\/dobrezrodla.com\/index.php?rest_route=%2Fwp%2Fv2%2Ftags&post=2770"}],"curies":[{"name":"wp","href":"https:\/\/api.w.org\/{rel}","templated":true}]}}