{"id":2773,"date":"2025-08-14T10:02:47","date_gmt":"2025-08-14T10:02:47","guid":{"rendered":"https:\/\/dobrezrodla.com\/?p=2773"},"modified":"2025-08-14T10:02:48","modified_gmt":"2025-08-14T10:02:48","slug":"nawrocki-nie-wytrzymal-padly-slowa-ktorych-nikt-sie-nie-spodziewal","status":"publish","type":"post","link":"https:\/\/dobrezrodla.com\/?p=2773","title":{"rendered":"Nawrocki nie wytrzyma\u0142 \u2013 pad\u0142y s\u0142owa, kt\u00f3rych nikt si\u0119 nie spodziewa\u0142!"},"content":{"rendered":"\n<p>Podczas sobotniego spotkania z mieszka\u0144cami Krakowa, prezydent Karol Nawrocki zaskoczy\u0142 wszystkich swoj\u0105 gwa\u0142town\u0105 reakcj\u0105. Wyst\u0119puj\u0105c na scenie w otoczeniu lokalnych dzia\u0142aczy, prezydent porzuci\u0142 przygotowane wcze\u015bniej przem\u00f3wienie i wyg\u0142osi\u0142 kilka zda\u0144, kt\u00f3re natychmiast wywo\u0142a\u0142y lawin\u0119 komentarzy.<\/p>\n\n\n\n<blockquote class=\"wp-block-quote is-layout-flow wp-block-quote-is-layout-flow\">\n<p><strong>\u2013 Do\u015b\u0107 tej polityki udawania! Czas powiedzie\u0107 prawd\u0119 Polakom \u2013 pa\u0144stwo jest s\u0142abe, a rz\u0105d si\u0119 boi w\u0142asnego cienia! \u2013<\/strong> grzmia\u0142 Nawrocki, ku zdumieniu zgromadzonych.<\/p>\n<\/blockquote>\n\n\n\n<p>Sala zamar\u0142a. Nawet najbli\u017csi wsp\u00f3\u0142pracownicy prezydenta wydawali si\u0119 zaskoczeni. Chocia\u017c prezydent nie wymieni\u0142 premiera Tuska z nazwiska, nikt nie mia\u0142 w\u0105tpliwo\u015bci, \u017ce to w\u0142a\u015bnie w stron\u0119 rz\u0105du pad\u0142y te s\u0142owa. Chwil\u0119 p\u00f3\u017aniej Nawrocki doda\u0142:<\/p>\n\n\n\n<blockquote class=\"wp-block-quote is-layout-flow wp-block-quote-is-layout-flow\">\n<p><strong>\u2013 Nie jestem prezydentem, kt\u00f3ry siedzi cicho i przytakuje ka\u017cdej decyzji rz\u0105du. Polska zas\u0142uguje na odwag\u0119, a nie na strach!<\/strong><\/p>\n<\/blockquote>\n\n\n\n<p>W mediach spo\u0142eczno\u015bciowych wypowied\u017a b\u0142yskawicznie zyska\u0142a miano \u201emowy prze\u0142omowej\u201d, a hasztag <strong>#NawrockiNieWytrzyma\u0142<\/strong> znalaz\u0142 si\u0119 w trendach jeszcze tego samego dnia. Komentatorzy polityczni podzielili si\u0119 \u2013 jedni chwal\u0105 prezydenta za szczero\u015b\u0107, inni oskar\u017caj\u0105 go o niepotrzebne podgrzewanie napi\u0119cia politycznego.<\/p>\n\n\n\n<p>Rz\u0105d nie odni\u00f3s\u0142 si\u0119 oficjalnie do s\u0142\u00f3w Nawrockiego. Donald Tusk, zapytany przez dziennikarzy o komentarz, jedynie si\u0119 u\u015bmiechn\u0105\u0142 i odszed\u0142 bez s\u0142owa.<\/p>\n\n\n\n<p>Jedno jest pewne \u2013 prezydent Nawrocki wys\u0142a\u0142 dzi\u015b wyra\u017any sygna\u0142, \u017ce nie zamierza by\u0107 tylko symboliczn\u0105 g\u0142ow\u0105 pa\u0144stwa. Polska scena polityczna mo\u017ce szykowa\u0107 si\u0119 na bardzo gor\u0105c\u0105 jesie\u0144.<\/p>\n","protected":false},"excerpt":{"rendered":"<p>Podczas sobotniego spotkania z mieszka\u0144cami Krakowa, prezydent Karol Nawrocki zaskoczy\u0142 wszystkich swoj\u0105 gwa\u0142town\u0105 reakcj\u0105. Wyst\u0119puj\u0105c na scenie w otoczeniu lokalnych dzia\u0142aczy, prezydent porzuci\u0142 przygotowane wcze\u015bniej przem\u00f3wienie i wyg\u0142osi\u0142 kilka zda\u0144, kt\u00f3re natychmiast wywo\u0142a\u0142y lawin\u0119 komentarzy. \u2013 Do\u015b\u0107 tej polityki udawania! Czas powiedzie\u0107 prawd\u0119 Polakom \u2013 pa\u0144stwo jest s\u0142abe, a rz\u0105d si\u0119 boi w\u0142asnego cienia! \u2013 &#8230; <a title=\"Nawrocki nie wytrzyma\u0142 \u2013 pad\u0142y s\u0142owa, kt\u00f3rych nikt si\u0119 nie spodziewa\u0142!\" class=\"read-more\" href=\"https:\/\/dobrezrodla.com\/?p=2773\" aria-label=\"Read more about Nawrocki nie wytrzyma\u0142 \u2013 pad\u0142y s\u0142owa, kt\u00f3rych nikt si\u0119 nie spodziewa\u0142!\">Read more<\/a><\/p>\n","protected":false},"author":1,"featured_media":2774,"comment_status":"open","ping_status":"open","sticky":false,"template":"","format":"standard","meta":{"footnotes":""},"categories":[1],"tags":[],"class_list":["post-2773","post","type-post","status-publish","format-standard","has-post-thumbnail","hentry","category-uncategorized"],"_links":{"self":[{"href":"https:\/\/dobrezrodla.com\/index.php?rest_route=\/wp\/v2\/posts\/2773","targetHints":{"allow":["GET"]}}],"collection":[{"href":"https:\/\/dobrezrodla.com\/index.php?rest_route=\/wp\/v2\/posts"}],"about":[{"href":"https:\/\/dobrezrodla.com\/index.php?rest_route=\/wp\/v2\/types\/post"}],"author":[{"embeddable":true,"href":"https:\/\/dobrezrodla.com\/index.php?rest_route=\/wp\/v2\/users\/1"}],"replies":[{"embeddable":true,"href":"https:\/\/dobrezrodla.com\/index.php?rest_route=%2Fwp%2Fv2%2Fcomments&post=2773"}],"version-history":[{"count":1,"href":"https:\/\/dobrezrodla.com\/index.php?rest_route=\/wp\/v2\/posts\/2773\/revisions"}],"predecessor-version":[{"id":2775,"href":"https:\/\/dobrezrodla.com\/index.php?rest_route=\/wp\/v2\/posts\/2773\/revisions\/2775"}],"wp:featuredmedia":[{"embeddable":true,"href":"https:\/\/dobrezrodla.com\/index.php?rest_route=\/wp\/v2\/media\/2774"}],"wp:attachment":[{"href":"https:\/\/dobrezrodla.com\/index.php?rest_route=%2Fwp%2Fv2%2Fmedia&parent=2773"}],"wp:term":[{"taxonomy":"category","embeddable":true,"href":"https:\/\/dobrezrodla.com\/index.php?rest_route=%2Fwp%2Fv2%2Fcategories&post=2773"},{"taxonomy":"post_tag","embeddable":true,"href":"https:\/\/dobrezrodla.com\/index.php?rest_route=%2Fwp%2Fv2%2Ftags&post=2773"}],"curies":[{"name":"wp","href":"https:\/\/api.w.org\/{rel}","templated":true}]}}