{"id":2776,"date":"2025-08-14T10:03:45","date_gmt":"2025-08-14T10:03:45","guid":{"rendered":"https:\/\/dobrezrodla.com\/?p=2776"},"modified":"2025-08-14T10:03:45","modified_gmt":"2025-08-14T10:03:45","slug":"starcie-gigantow-nawrocki-publicznie-osmiesza-tuska","status":"publish","type":"post","link":"https:\/\/dobrezrodla.com\/?p=2776","title":{"rendered":"Starcie gigant\u00f3w: Nawrocki publicznie o\u015bmiesza Tuska!"},"content":{"rendered":"\n<p>To, co wydarzy\u0142o si\u0119 dzi\u015b w Sejmie, przejdzie do historii jako jeden z najbardziej napi\u0119tych moment\u00f3w polskiej sceny politycznej. Prezydent Karol Nawrocki, przemawiaj\u0105c przed Zgromadzeniem Narodowym, ostro skrytykowa\u0142 dzia\u0142ania rz\u0105du Donalda Tuska \u2013 w spos\u00f3b, kt\u00f3rego nikt si\u0119 nie spodziewa\u0142.<\/p>\n\n\n\n<p>Ju\u017c pierwsze s\u0142owa prezydenta wzbudzi\u0142y szok na sali:<\/p>\n\n\n\n<blockquote class=\"wp-block-quote is-layout-flow wp-block-quote-is-layout-flow\">\n<p><strong>\u2013 Rz\u0105d, kt\u00f3ry zapomnia\u0142 o obywatelach, sam przestaje mie\u0107 racj\u0119 bytu. A ci, kt\u00f3rzy tylko m\u00f3wi\u0105 o warto\u015bciach europejskich, niech w ko\u0144cu przypomn\u0105 sobie, co znaczy odpowiedzialno\u015b\u0107 za w\u0142asny nar\u00f3d.<\/strong><\/p>\n<\/blockquote>\n\n\n\n<p>Premier Tusk, siedz\u0105cy w pierwszym rz\u0119dzie, nie ukrywa\u0142 irytacji. Kamery uchwyci\u0142y jego wyra\u017anie zmienion\u0105 mimik\u0119, a szeptane komentarze mi\u0119dzy ministrami tylko podgrzewa\u0142y atmosfer\u0119.<\/p>\n\n\n\n<p>W kulminacyjnym momencie Nawrocki bezpo\u015brednio zakpi\u0142 z has\u0142a, kt\u00f3re Koalicja Obywatelska powtarza\u0142a przez ostatnie miesi\u0105ce:<\/p>\n\n\n\n<blockquote class=\"wp-block-quote is-layout-flow wp-block-quote-is-layout-flow\">\n<p><strong>\u2013 \u201eSilna Polska w silnej Europie\u201d? Mo\u017ce najpierw silna prawda w s\u0142abych rz\u0105dach!<\/strong> \u2013 rzuci\u0142 z przek\u0105sem, wywo\u0142uj\u0105c aplauz cz\u0119\u015bci sali i os\u0142upienie drugiej.<\/p>\n<\/blockquote>\n\n\n\n<p>Po wyst\u0105pieniu nikt nie mia\u0142 w\u0105tpliwo\u015bci \u2013 mi\u0119dzy Pa\u0142acem Prezydenckim a Kancelari\u0105 Premiera rozpoczyna si\u0119 otwarta wojna polityczna. Zwolennicy Nawrockiego nazwali go \u201eg\u0142osem narodu\u201d, przeciwnicy oskar\u017cyli o pr\u00f3b\u0119 destabilizacji pa\u0144stwa.<\/p>\n\n\n\n<p>Donald Tusk nie skomentowa\u0142 bezpo\u015brednio przem\u00f3wienia prezydenta, ale nieoficjalnie m\u00f3wi si\u0119, \u017ce przygotowywana jest odpowied\u017a \u2013 i to bardzo mocna.<\/p>\n\n\n\n<p>Czy Polska jest \u015bwiadkiem nowego konfliktu o w\u0142adz\u0119? Jedno jest pewne \u2013 <strong>starcie gigant\u00f3w w\u0142a\u015bnie si\u0119 rozpocz\u0119\u0142o<\/strong>.<\/p>\n","protected":false},"excerpt":{"rendered":"<p>To, co wydarzy\u0142o si\u0119 dzi\u015b w Sejmie, przejdzie do historii jako jeden z najbardziej napi\u0119tych moment\u00f3w polskiej sceny politycznej. Prezydent Karol Nawrocki, przemawiaj\u0105c przed Zgromadzeniem Narodowym, ostro skrytykowa\u0142 dzia\u0142ania rz\u0105du Donalda Tuska \u2013 w spos\u00f3b, kt\u00f3rego nikt si\u0119 nie spodziewa\u0142. Ju\u017c pierwsze s\u0142owa prezydenta wzbudzi\u0142y szok na sali: \u2013 Rz\u0105d, kt\u00f3ry zapomnia\u0142 o obywatelach, sam &#8230; <a title=\"Starcie gigant\u00f3w: Nawrocki publicznie o\u015bmiesza Tuska!\" class=\"read-more\" href=\"https:\/\/dobrezrodla.com\/?p=2776\" aria-label=\"Read more about Starcie gigant\u00f3w: Nawrocki publicznie o\u015bmiesza Tuska!\">Read more<\/a><\/p>\n","protected":false},"author":1,"featured_media":2777,"comment_status":"open","ping_status":"open","sticky":false,"template":"","format":"standard","meta":{"footnotes":""},"categories":[1],"tags":[],"class_list":["post-2776","post","type-post","status-publish","format-standard","has-post-thumbnail","hentry","category-uncategorized"],"_links":{"self":[{"href":"https:\/\/dobrezrodla.com\/index.php?rest_route=\/wp\/v2\/posts\/2776","targetHints":{"allow":["GET"]}}],"collection":[{"href":"https:\/\/dobrezrodla.com\/index.php?rest_route=\/wp\/v2\/posts"}],"about":[{"href":"https:\/\/dobrezrodla.com\/index.php?rest_route=\/wp\/v2\/types\/post"}],"author":[{"embeddable":true,"href":"https:\/\/dobrezrodla.com\/index.php?rest_route=\/wp\/v2\/users\/1"}],"replies":[{"embeddable":true,"href":"https:\/\/dobrezrodla.com\/index.php?rest_route=%2Fwp%2Fv2%2Fcomments&post=2776"}],"version-history":[{"count":1,"href":"https:\/\/dobrezrodla.com\/index.php?rest_route=\/wp\/v2\/posts\/2776\/revisions"}],"predecessor-version":[{"id":2778,"href":"https:\/\/dobrezrodla.com\/index.php?rest_route=\/wp\/v2\/posts\/2776\/revisions\/2778"}],"wp:featuredmedia":[{"embeddable":true,"href":"https:\/\/dobrezrodla.com\/index.php?rest_route=\/wp\/v2\/media\/2777"}],"wp:attachment":[{"href":"https:\/\/dobrezrodla.com\/index.php?rest_route=%2Fwp%2Fv2%2Fmedia&parent=2776"}],"wp:term":[{"taxonomy":"category","embeddable":true,"href":"https:\/\/dobrezrodla.com\/index.php?rest_route=%2Fwp%2Fv2%2Fcategories&post=2776"},{"taxonomy":"post_tag","embeddable":true,"href":"https:\/\/dobrezrodla.com\/index.php?rest_route=%2Fwp%2Fv2%2Ftags&post=2776"}],"curies":[{"name":"wp","href":"https:\/\/api.w.org\/{rel}","templated":true}]}}