{"id":2779,"date":"2025-08-14T10:04:27","date_gmt":"2025-08-14T10:04:27","guid":{"rendered":"https:\/\/dobrezrodla.com\/?p=2779"},"modified":"2025-08-14T10:04:28","modified_gmt":"2025-08-14T10:04:28","slug":"nowy-prezydent-rzuca-bombe-nie-bede-milczal","status":"publish","type":"post","link":"https:\/\/dobrezrodla.com\/?p=2779","title":{"rendered":"Nowy prezydent rzuca bomb\u0119: \u2018Nie b\u0119d\u0119 milcza\u0142!\u2019"},"content":{"rendered":"\n<p>Karol Nawrocki, nowo wybrany prezydent Rzeczypospolitej Polskiej, nie zamierza trzyma\u0107 si\u0119 w cieniu. Podczas pierwszego wyst\u0105pienia w Belwederze od obj\u0119cia urz\u0119du, zaskoczy\u0142 wszystkich s\u0142owami, kt\u00f3re wstrz\u0105sn\u0119\u0142y polsk\u0105 scen\u0105 polityczn\u0105.<\/p>\n\n\n\n<blockquote class=\"wp-block-quote is-layout-flow wp-block-quote-is-layout-flow\">\n<p><strong>\u2013 Nie b\u0119d\u0119 milcza\u0142, kiedy widz\u0119, \u017ce w\u0142adza rozmija si\u0119 z interesem obywateli. Nie po to zosta\u0142em prezydentem, by przygl\u0105da\u0107 si\u0119 biernie \u2013<\/strong> powiedzia\u0142 stanowczo, patrz\u0105c prosto w obiektywy kamer.<\/p>\n<\/blockquote>\n\n\n\n<p>Deklaracja Nawrockiego zosta\u0142a odebrana jednoznacznie: nowy prezydent zamierza aktywnie ingerowa\u0107 w dzia\u0142ania rz\u0105du Donalda Tuska. Co wi\u0119cej, jego ton by\u0142 pe\u0142en determinacji i zapowiedzi zmian, kt\u00f3re mog\u0105 wywo\u0142a\u0107 prawdziwe trz\u0119sienie ziemi w Warszawie.<\/p>\n\n\n\n<p>Prezydent nie szcz\u0119dzi\u0142 aluzji pod adresem obecnej w\u0142adzy:<\/p>\n\n\n\n<blockquote class=\"wp-block-quote is-layout-flow wp-block-quote-is-layout-flow\">\n<p><strong>\u2013 Gdy polityka staje si\u0119 gr\u0105 interes\u00f3w, kto\u015b musi przypomnie\u0107 o Polsce. Ja si\u0119 tego nie boj\u0119.<\/strong><\/p>\n<\/blockquote>\n\n\n\n<p>W\u015br\u00f3d jego wsp\u00f3\u0142pracownik\u00f3w m\u00f3wi si\u0119, \u017ce planuje on seri\u0119 inicjatyw legislacyjnych, kt\u00f3re mog\u0105 zablokowa\u0107 kluczowe reformy koalicji rz\u0105dz\u0105cej. Coraz g\u0142o\u015bniej m\u00f3wi si\u0119 r\u00f3wnie\u017c o mo\u017cliwym wecie prezydenckim wobec bud\u017cetu, je\u015bli \u2013 jak to okre\u015bli\u0142 \u2013 \u201enie b\u0119dzie s\u0142u\u017cy\u0142 zwyk\u0142ym Polakom, tylko partyjnym uk\u0142adom\u201d.<\/p>\n\n\n\n<p>Spo\u0142ecze\u0144stwo zareagowa\u0142o b\u0142yskawicznie. Media spo\u0142eczno\u015bciowe zala\u0142a fala komentarzy, a hasztag <strong>#NieB\u0119d\u0119Milcza\u0142<\/strong> sta\u0142 si\u0119 w ci\u0105gu kilku godzin najcz\u0119\u015bciej u\u017cywanym w kraju.<\/p>\n\n\n\n<p>Donald Tusk, zapytany przez dziennikarzy o reakcj\u0119 na przem\u00f3wienie, odpowiedzia\u0142 kr\u00f3tko:<\/p>\n\n\n\n<blockquote class=\"wp-block-quote is-layout-flow wp-block-quote-is-layout-flow\">\n<p><strong>\u2013 Prezydent ma prawo m\u00f3wi\u0107, ale to rz\u0105d rz\u0105dzi.<\/strong><\/p>\n<\/blockquote>\n\n\n\n<p>Czy zbli\u017camy si\u0119 do politycznej wojny na najwy\u017cszym szczeblu? Jedno jest pewne \u2013 nowy prezydent <strong>rzuci\u0142 bomb\u0119<\/strong>, a echo tej deklaracji b\u0119dzie jeszcze d\u0142ugo rozbrzmiewa\u0107 w polskim \u017cyciu publicznym.<\/p>\n","protected":false},"excerpt":{"rendered":"<p>Karol Nawrocki, nowo wybrany prezydent Rzeczypospolitej Polskiej, nie zamierza trzyma\u0107 si\u0119 w cieniu. Podczas pierwszego wyst\u0105pienia w Belwederze od obj\u0119cia urz\u0119du, zaskoczy\u0142 wszystkich s\u0142owami, kt\u00f3re wstrz\u0105sn\u0119\u0142y polsk\u0105 scen\u0105 polityczn\u0105. \u2013 Nie b\u0119d\u0119 milcza\u0142, kiedy widz\u0119, \u017ce w\u0142adza rozmija si\u0119 z interesem obywateli. Nie po to zosta\u0142em prezydentem, by przygl\u0105da\u0107 si\u0119 biernie \u2013 powiedzia\u0142 stanowczo, patrz\u0105c &#8230; <a title=\"Nowy prezydent rzuca bomb\u0119: \u2018Nie b\u0119d\u0119 milcza\u0142!\u2019\" class=\"read-more\" href=\"https:\/\/dobrezrodla.com\/?p=2779\" aria-label=\"Read more about Nowy prezydent rzuca bomb\u0119: \u2018Nie b\u0119d\u0119 milcza\u0142!\u2019\">Read more<\/a><\/p>\n","protected":false},"author":1,"featured_media":2780,"comment_status":"open","ping_status":"open","sticky":false,"template":"","format":"standard","meta":{"footnotes":""},"categories":[1],"tags":[],"class_list":["post-2779","post","type-post","status-publish","format-standard","has-post-thumbnail","hentry","category-uncategorized"],"_links":{"self":[{"href":"https:\/\/dobrezrodla.com\/index.php?rest_route=\/wp\/v2\/posts\/2779","targetHints":{"allow":["GET"]}}],"collection":[{"href":"https:\/\/dobrezrodla.com\/index.php?rest_route=\/wp\/v2\/posts"}],"about":[{"href":"https:\/\/dobrezrodla.com\/index.php?rest_route=\/wp\/v2\/types\/post"}],"author":[{"embeddable":true,"href":"https:\/\/dobrezrodla.com\/index.php?rest_route=\/wp\/v2\/users\/1"}],"replies":[{"embeddable":true,"href":"https:\/\/dobrezrodla.com\/index.php?rest_route=%2Fwp%2Fv2%2Fcomments&post=2779"}],"version-history":[{"count":1,"href":"https:\/\/dobrezrodla.com\/index.php?rest_route=\/wp\/v2\/posts\/2779\/revisions"}],"predecessor-version":[{"id":2781,"href":"https:\/\/dobrezrodla.com\/index.php?rest_route=\/wp\/v2\/posts\/2779\/revisions\/2781"}],"wp:featuredmedia":[{"embeddable":true,"href":"https:\/\/dobrezrodla.com\/index.php?rest_route=\/wp\/v2\/media\/2780"}],"wp:attachment":[{"href":"https:\/\/dobrezrodla.com\/index.php?rest_route=%2Fwp%2Fv2%2Fmedia&parent=2779"}],"wp:term":[{"taxonomy":"category","embeddable":true,"href":"https:\/\/dobrezrodla.com\/index.php?rest_route=%2Fwp%2Fv2%2Fcategories&post=2779"},{"taxonomy":"post_tag","embeddable":true,"href":"https:\/\/dobrezrodla.com\/index.php?rest_route=%2Fwp%2Fv2%2Ftags&post=2779"}],"curies":[{"name":"wp","href":"https:\/\/api.w.org\/{rel}","templated":true}]}}