{"id":2782,"date":"2025-08-14T10:05:04","date_gmt":"2025-08-14T10:05:04","guid":{"rendered":"https:\/\/dobrezrodla.com\/?p=2782"},"modified":"2025-08-14T10:05:05","modified_gmt":"2025-08-14T10:05:05","slug":"zaskakujacy-sojusz-nawrocki-i-orban-razem-przeciwko-brukseli","status":"publish","type":"post","link":"https:\/\/dobrezrodla.com\/?p=2782","title":{"rendered":"Zaskakuj\u0105cy sojusz! Nawrocki i Orban razem przeciwko Brukseli?"},"content":{"rendered":"\n<p>Europa wstrzyma\u0142a oddech. Czy w\u0142a\u015bnie powstaje nowy konserwatywny blok wymierzony w serce unijnych instytucji? Wszystko na to wskazuje. Karol Nawrocki, nowy prezydent Polski, spotka\u0142 si\u0119 z Viktorem Orbanem podczas nieformalnego szczytu w Budapeszcie, a zdj\u0119cia ze wsp\u00f3lnego obiadu ju\u017c obieg\u0142y internet.<\/p>\n\n\n\n<p>Chocia\u017c spotkanie nie by\u0142o oficjalne, jego przekaz by\u0142 jasny: <strong>czas zjednoczy\u0107 si\u0142y przeciwko &#8220;dyktatowi z Brukseli&#8221;<\/strong>, jak to okre\u015bli\u0142 Orban w kr\u00f3tkim o\u015bwiadczeniu. Nawrocki, zapytany o sens rozm\u00f3w, odpowiedzia\u0142 kr\u00f3tko:<\/p>\n\n\n\n<blockquote class=\"wp-block-quote is-layout-flow wp-block-quote-is-layout-flow\">\n<p><strong>\u2013 Suwerenno\u015b\u0107 narod\u00f3w nie podlega negocjacjom.<\/strong><\/p>\n<\/blockquote>\n\n\n\n<p>Kulisy rozmowy pozostaj\u0105 tajemnic\u0105, ale przecieki z otoczenia prezydenta m\u00f3wi\u0105 o planowanym utworzeniu <strong>wsp\u00f3lnej platformy politycznej<\/strong>, kt\u00f3ra ma \u0142\u0105czy\u0107 konserwatywne \u015brodowiska z Europy \u015arodkowo-Wschodniej. W gr\u0119 wchodzi nie tylko wsp\u00f3\u0142praca polityczna, ale tak\u017ce gospodarcza i medialna.<\/p>\n\n\n\n<p>Co ciekawe, przedstawiciele Brukseli odm\u00f3wili komentarza na temat spotkania, co tylko podsyci\u0142o spekulacje o nadchodz\u0105cym konflikcie mi\u0119dzy &#8220;now\u0105 Europ\u0105&#8221; a starym establishmentem unijnym.<\/p>\n\n\n\n<p>W mediach spo\u0142eczno\u015bciowych pojawi\u0142y si\u0119 ju\u017c has\u0142a: <strong>#PolHunAlliance<\/strong>, <strong>#NowaO\u015bWschodnia<\/strong>, a tak\u017ce\u2026 <strong>#Polexit2026?<\/strong><\/p>\n\n\n\n<p>Czy to pocz\u0105tek nowego europejskiego rozdania? Czy Nawrocki naprawd\u0119 chce poci\u0105gn\u0105\u0107 Polsk\u0119 w stron\u0119 Budapesztu, a nie Brukseli?<\/p>\n\n\n\n<p>Jedno jest pewne: <strong>ten sojusz zaskoczy\u0142 wszystkich<\/strong>, a konsekwencje mog\u0105 zmieni\u0107 uk\u0142ad si\u0142 w ca\u0142ej Europie.<\/p>\n","protected":false},"excerpt":{"rendered":"<p>Europa wstrzyma\u0142a oddech. Czy w\u0142a\u015bnie powstaje nowy konserwatywny blok wymierzony w serce unijnych instytucji? Wszystko na to wskazuje. Karol Nawrocki, nowy prezydent Polski, spotka\u0142 si\u0119 z Viktorem Orbanem podczas nieformalnego szczytu w Budapeszcie, a zdj\u0119cia ze wsp\u00f3lnego obiadu ju\u017c obieg\u0142y internet. Chocia\u017c spotkanie nie by\u0142o oficjalne, jego przekaz by\u0142 jasny: czas zjednoczy\u0107 si\u0142y przeciwko &#8220;dyktatowi &#8230; <a title=\"Zaskakuj\u0105cy sojusz! Nawrocki i Orban razem przeciwko Brukseli?\" class=\"read-more\" href=\"https:\/\/dobrezrodla.com\/?p=2782\" aria-label=\"Read more about Zaskakuj\u0105cy sojusz! Nawrocki i Orban razem przeciwko Brukseli?\">Read more<\/a><\/p>\n","protected":false},"author":1,"featured_media":2783,"comment_status":"open","ping_status":"open","sticky":false,"template":"","format":"standard","meta":{"footnotes":""},"categories":[1],"tags":[],"class_list":["post-2782","post","type-post","status-publish","format-standard","has-post-thumbnail","hentry","category-uncategorized"],"_links":{"self":[{"href":"https:\/\/dobrezrodla.com\/index.php?rest_route=\/wp\/v2\/posts\/2782","targetHints":{"allow":["GET"]}}],"collection":[{"href":"https:\/\/dobrezrodla.com\/index.php?rest_route=\/wp\/v2\/posts"}],"about":[{"href":"https:\/\/dobrezrodla.com\/index.php?rest_route=\/wp\/v2\/types\/post"}],"author":[{"embeddable":true,"href":"https:\/\/dobrezrodla.com\/index.php?rest_route=\/wp\/v2\/users\/1"}],"replies":[{"embeddable":true,"href":"https:\/\/dobrezrodla.com\/index.php?rest_route=%2Fwp%2Fv2%2Fcomments&post=2782"}],"version-history":[{"count":1,"href":"https:\/\/dobrezrodla.com\/index.php?rest_route=\/wp\/v2\/posts\/2782\/revisions"}],"predecessor-version":[{"id":2784,"href":"https:\/\/dobrezrodla.com\/index.php?rest_route=\/wp\/v2\/posts\/2782\/revisions\/2784"}],"wp:featuredmedia":[{"embeddable":true,"href":"https:\/\/dobrezrodla.com\/index.php?rest_route=\/wp\/v2\/media\/2783"}],"wp:attachment":[{"href":"https:\/\/dobrezrodla.com\/index.php?rest_route=%2Fwp%2Fv2%2Fmedia&parent=2782"}],"wp:term":[{"taxonomy":"category","embeddable":true,"href":"https:\/\/dobrezrodla.com\/index.php?rest_route=%2Fwp%2Fv2%2Fcategories&post=2782"},{"taxonomy":"post_tag","embeddable":true,"href":"https:\/\/dobrezrodla.com\/index.php?rest_route=%2Fwp%2Fv2%2Ftags&post=2782"}],"curies":[{"name":"wp","href":"https:\/\/api.w.org\/{rel}","templated":true}]}}