{"id":2786,"date":"2025-08-14T13:05:37","date_gmt":"2025-08-14T13:05:37","guid":{"rendered":"https:\/\/dobrezrodla.com\/?p=2786"},"modified":"2025-08-14T13:05:37","modified_gmt":"2025-08-14T13:05:37","slug":"tragiczna-historia-poslanki-syn-zamkniety-w-milczeniu-i-bol-ktorego-nie-da-sie-ukryc","status":"publish","type":"post","link":"https:\/\/dobrezrodla.com\/?p=2786","title":{"rendered":"\u201eTragiczna historia pos\u0142anki: syn zamkni\u0119ty w milczeniu i b\u00f3l, kt\u00f3rego nie da si\u0119 ukry\u0107\u201d"},"content":{"rendered":"\n<p><strong>Magdalena Filiks<\/strong>, parlamentarzystka z ramienia Platformy Obywatelskiej, przesz\u0142a przez niewyobra\u017calnie trudne chwile osobiste.<\/p>\n\n\n\n<p> W lutym 2023 roku jej 15-letni syn, <strong>Miko\u0142aj<\/strong>, odebra\u0142 sobie \u017cycie \u2014 tragedia wstrz\u0105sn\u0119\u0142a politycznym i spo\u0142ecznym \u015brodowiskiem w Polsce.<\/p>\n\n\n\n<p>Do druzgoc\u0105cego zdarzenia przyczyni\u0142a si\u0119 r\u00f3wnie\u017c dzia\u0142alno\u015b\u0107 medi\u00f3w pa\u0144stwowych. Lokalna stacja radiowa, b\u0119d\u0105ca cz\u0119\u015bci\u0105 Polskiego Radia, opublikowa\u0142a informacje umo\u017cliwiaj\u0105ce zidentyfikowanie nieletniego poszkodowanego, ujawniaj\u0105c jednocze\u015bnie fakt, \u017ce jest dzieckiem pos\u0142anki. <\/p>\n\n\n\n<p>Ten niew\u0142a\u015bciwy spos\u00f3b upublicznienia wra\u017cliwych danych wywo\u0142a\u0142 fal\u0119 krytyki i wskazywany jest jako czynnik, kt\u00f3ry dog\u0142\u0119bnie wp\u0142yn\u0105\u0142 na dramatyczny wyb\u00f3r m\u0142odego Miko\u0142aja.<\/p>\n\n\n\n<p>Parlament Sejmu uczci\u0142 pami\u0119\u0107 nastolatka minut\u0105 ciszy na jego pogrzebie, a sam przypadek wywo\u0142a\u0142 og\u00f3lnokrajow\u0105 debat\u0119 na temat etyki medi\u00f3w, ochro\u00adny prywatno\u015bci dzieci oraz politycznego kontekstu tej tragedii<\/p>\n\n\n\n<p>Historia Magdaleny Filiks to tragiczny obraz, jak prywatny dramat mo\u017ce przenika\u0107 do sfery publicznej i sta\u0107 si\u0119 symbolem walki o granice godno\u015bci i odpowiedzialno\u015bci medi\u00f3w.<\/p>\n","protected":false},"excerpt":{"rendered":"<p>Magdalena Filiks, parlamentarzystka z ramienia Platformy Obywatelskiej, przesz\u0142a przez niewyobra\u017calnie trudne chwile osobiste. W lutym 2023 roku jej 15-letni syn, Miko\u0142aj, odebra\u0142 sobie \u017cycie \u2014 tragedia wstrz\u0105sn\u0119\u0142a politycznym i spo\u0142ecznym \u015brodowiskiem w Polsce. Do druzgoc\u0105cego zdarzenia przyczyni\u0142a si\u0119 r\u00f3wnie\u017c dzia\u0142alno\u015b\u0107 medi\u00f3w pa\u0144stwowych. Lokalna stacja radiowa, b\u0119d\u0105ca cz\u0119\u015bci\u0105 Polskiego Radia, opublikowa\u0142a informacje umo\u017cliwiaj\u0105ce zidentyfikowanie nieletniego poszkodowanego, &#8230; <a title=\"\u201eTragiczna historia pos\u0142anki: syn zamkni\u0119ty w milczeniu i b\u00f3l, kt\u00f3rego nie da si\u0119 ukry\u0107\u201d\" class=\"read-more\" href=\"https:\/\/dobrezrodla.com\/?p=2786\" aria-label=\"Read more about \u201eTragiczna historia pos\u0142anki: syn zamkni\u0119ty w milczeniu i b\u00f3l, kt\u00f3rego nie da si\u0119 ukry\u0107\u201d\">Read more<\/a><\/p>\n","protected":false},"author":1,"featured_media":0,"comment_status":"open","ping_status":"open","sticky":false,"template":"","format":"standard","meta":{"footnotes":""},"categories":[1],"tags":[],"class_list":["post-2786","post","type-post","status-publish","format-standard","hentry","category-uncategorized"],"_links":{"self":[{"href":"https:\/\/dobrezrodla.com\/index.php?rest_route=\/wp\/v2\/posts\/2786","targetHints":{"allow":["GET"]}}],"collection":[{"href":"https:\/\/dobrezrodla.com\/index.php?rest_route=\/wp\/v2\/posts"}],"about":[{"href":"https:\/\/dobrezrodla.com\/index.php?rest_route=\/wp\/v2\/types\/post"}],"author":[{"embeddable":true,"href":"https:\/\/dobrezrodla.com\/index.php?rest_route=\/wp\/v2\/users\/1"}],"replies":[{"embeddable":true,"href":"https:\/\/dobrezrodla.com\/index.php?rest_route=%2Fwp%2Fv2%2Fcomments&post=2786"}],"version-history":[{"count":1,"href":"https:\/\/dobrezrodla.com\/index.php?rest_route=\/wp\/v2\/posts\/2786\/revisions"}],"predecessor-version":[{"id":2787,"href":"https:\/\/dobrezrodla.com\/index.php?rest_route=\/wp\/v2\/posts\/2786\/revisions\/2787"}],"wp:attachment":[{"href":"https:\/\/dobrezrodla.com\/index.php?rest_route=%2Fwp%2Fv2%2Fmedia&parent=2786"}],"wp:term":[{"taxonomy":"category","embeddable":true,"href":"https:\/\/dobrezrodla.com\/index.php?rest_route=%2Fwp%2Fv2%2Fcategories&post=2786"},{"taxonomy":"post_tag","embeddable":true,"href":"https:\/\/dobrezrodla.com\/index.php?rest_route=%2Fwp%2Fv2%2Ftags&post=2786"}],"curies":[{"name":"wp","href":"https:\/\/api.w.org\/{rel}","templated":true}]}}