{"id":2794,"date":"2025-08-15T09:29:01","date_gmt":"2025-08-15T09:29:01","guid":{"rendered":"https:\/\/dobrezrodla.com\/?p=2794"},"modified":"2025-08-15T09:29:01","modified_gmt":"2025-08-15T09:29:01","slug":"nieprawda-ale-poszlo-w-swiat-virtuti-militari-dla-matki-kaczynskich-internauci-polkneli-haczyk","status":"publish","type":"post","link":"https:\/\/dobrezrodla.com\/?p=2794","title":{"rendered":"Nieprawda, ale posz\u0142o w \u015bwiat. Virtuti Militari dla matki Kaczy\u0144skich? Internauci po\u0142kn\u0119li haczyk"},"content":{"rendered":"\n<p>Ko\u0144c\u00f3wka kadencji prezydenta Andrzeja Dudy przynios\u0142a prawdziw\u0105 lawin\u0119 pa\u0144stwowych odznacze\u0144 \u2013 od publicyst\u00f3w po celebryt\u00f3w znanych z ekran\u00f3w TVP. To w\u0142a\u015bnie w tym kontek\u015bcie pojawi\u0142a si\u0119 sensacyjna wiadomo\u015b\u0107: Jadwiga Kaczy\u0144ska, matka Lecha i Jaros\u0142awa, mia\u0142a rzekomo otrzyma\u0107 po\u015bmiertnie order Virtuti Militari. Problem? To ca\u0142kowita bzdura.<\/p>\n\n\n\n<p>Internet oszala\u0142 po wpisie na platformie X, kt\u00f3ry ironicznie sugerowa\u0142, \u017ce odznaczenie zosta\u0142o przyznane za \u201enieugi\u0119t\u0105 walk\u0119 w filii Powstania Warszawskiego w Starachowicach\u201d. Cho\u0107 intencj\u0105 autora by\u0142 \u017cart, wielu internaut\u00f3w uzna\u0142o to za fakt. W komentarzach \u2013 oburzenie, drwiny i poczucie ca\u0142kowitego upadku presti\u017cu jednego z najwa\u017cniejszych polskich odznacze\u0144 wojskowych.<\/p>\n\n\n\n<p>Senator KO Adam Szejnfeld i tysi\u0105ce u\u017cytkownik\u00f3w uwierzy\u0142o w fejka. A informacja zacz\u0119\u0142a \u017cy\u0107 w\u0142asnym \u017cyciem. Tymczasem prawda jest prosta: Virtuti Militari nie mo\u017ce by\u0107 przyznany w czasach pokoju, a jego kapitu\u0142a&#8230; przesta\u0142a istnie\u0107 w 2016 roku.<\/p>\n\n\n\n<p>Kancelaria Prezydenta musia\u0142a interweniowa\u0107. W oficjalnym komunikacie jasno stwierdzono \u2013 Jadwiga Kaczy\u0144ska nigdy nie otrzyma\u0142a \u017cadnego odznaczenia pa\u0144stwowego od Andrzeja Dudy. Co wi\u0119cej, ostatni raz Virtuti Militari nadano w 2011 roku, i to wy\u0142\u0105cznie w celu uzupe\u0142nienia archiwalnej dokumentacji powsta\u0144c\u00f3w.<\/p>\n\n\n\n<p>Sk\u0105d wi\u0119c Starachowice i \u201efilia\u201d Powstania? W tle \u2013 dawne pr\u00f3by budowania symboliki wok\u00f3\u0142 rodziny Kaczy\u0144skich, w tym kontrowersyjne sugestie o udziale ich matki w powsta\u0144czych walkach. W rzeczywisto\u015bci Jadwiga Kaczy\u0144ska by\u0142a sanitariuszk\u0105 w Szarych Szeregach, ale dzia\u0142a\u0142a lokalnie, w Starachowicach, gdzie pomaga\u0142a rannym partyzantom.<\/p>\n\n\n\n<p>Ca\u0142a historia to pokazowa lekcja o sile dezinformacji i emocjach, jakie wzbudza temat odznacze\u0144, pami\u0119ci historycznej i polityki.<\/p>\n","protected":false},"excerpt":{"rendered":"<p>Ko\u0144c\u00f3wka kadencji prezydenta Andrzeja Dudy przynios\u0142a prawdziw\u0105 lawin\u0119 pa\u0144stwowych odznacze\u0144 \u2013 od publicyst\u00f3w po celebryt\u00f3w znanych z ekran\u00f3w TVP. To w\u0142a\u015bnie w tym kontek\u015bcie pojawi\u0142a si\u0119 sensacyjna wiadomo\u015b\u0107: Jadwiga Kaczy\u0144ska, matka Lecha i Jaros\u0142awa, mia\u0142a rzekomo otrzyma\u0107 po\u015bmiertnie order Virtuti Militari. Problem? To ca\u0142kowita bzdura. Internet oszala\u0142 po wpisie na platformie X, kt\u00f3ry ironicznie sugerowa\u0142, &#8230; <a title=\"Nieprawda, ale posz\u0142o w \u015bwiat. Virtuti Militari dla matki Kaczy\u0144skich? Internauci po\u0142kn\u0119li haczyk\" class=\"read-more\" href=\"https:\/\/dobrezrodla.com\/?p=2794\" aria-label=\"Read more about Nieprawda, ale posz\u0142o w \u015bwiat. Virtuti Militari dla matki Kaczy\u0144skich? Internauci po\u0142kn\u0119li haczyk\">Read more<\/a><\/p>\n","protected":false},"author":1,"featured_media":2795,"comment_status":"open","ping_status":"open","sticky":false,"template":"","format":"standard","meta":{"footnotes":""},"categories":[1],"tags":[],"class_list":["post-2794","post","type-post","status-publish","format-standard","has-post-thumbnail","hentry","category-uncategorized"],"_links":{"self":[{"href":"https:\/\/dobrezrodla.com\/index.php?rest_route=\/wp\/v2\/posts\/2794","targetHints":{"allow":["GET"]}}],"collection":[{"href":"https:\/\/dobrezrodla.com\/index.php?rest_route=\/wp\/v2\/posts"}],"about":[{"href":"https:\/\/dobrezrodla.com\/index.php?rest_route=\/wp\/v2\/types\/post"}],"author":[{"embeddable":true,"href":"https:\/\/dobrezrodla.com\/index.php?rest_route=\/wp\/v2\/users\/1"}],"replies":[{"embeddable":true,"href":"https:\/\/dobrezrodla.com\/index.php?rest_route=%2Fwp%2Fv2%2Fcomments&post=2794"}],"version-history":[{"count":1,"href":"https:\/\/dobrezrodla.com\/index.php?rest_route=\/wp\/v2\/posts\/2794\/revisions"}],"predecessor-version":[{"id":2796,"href":"https:\/\/dobrezrodla.com\/index.php?rest_route=\/wp\/v2\/posts\/2794\/revisions\/2796"}],"wp:featuredmedia":[{"embeddable":true,"href":"https:\/\/dobrezrodla.com\/index.php?rest_route=\/wp\/v2\/media\/2795"}],"wp:attachment":[{"href":"https:\/\/dobrezrodla.com\/index.php?rest_route=%2Fwp%2Fv2%2Fmedia&parent=2794"}],"wp:term":[{"taxonomy":"category","embeddable":true,"href":"https:\/\/dobrezrodla.com\/index.php?rest_route=%2Fwp%2Fv2%2Fcategories&post=2794"},{"taxonomy":"post_tag","embeddable":true,"href":"https:\/\/dobrezrodla.com\/index.php?rest_route=%2Fwp%2Fv2%2Ftags&post=2794"}],"curies":[{"name":"wp","href":"https:\/\/api.w.org\/{rel}","templated":true}]}}